{"id":6070,"date":"2022-05-04T11:19:00","date_gmt":"2022-05-04T14:19:00","guid":{"rendered":"https:\/\/cmastartups.com.br\/?p=6070"},"modified":"2023-01-17T20:28:40","modified_gmt":"2023-01-17T23:28:40","slug":"os-7-principios-do-privacy-by-design-e-como-aplica-los-na-sua-empresa","status":"publish","type":"post","link":"https:\/\/blog.safie.com.br\/?p=6070","title":{"rendered":"Os 7 princ\u00edpios do Privacy By Design e como aplic\u00e1-los na sua empresa"},"content":{"rendered":"\n<p>Para quem est\u00e1 come\u00e7ando, especialmente\u00a0startups\u00a0e novos sites e sistemas, o\u00a0<em>privacy by design\u00a0<\/em>\u00e9 quase indispens\u00e1vel. Ent\u00e3o, vamos conhecer os 7 princ\u00edpios do p<em>rivacy by design<\/em> e como aplicar na sua empresa.<\/p>\n\n\n\n<p>Pense numa casa: do que adianta colocar m\u00f3veis caros, uma bela decora\u00e7\u00e3o e n\u00e3o colocar uma fechadura na porta, deixando sua casa totalmente exposta a invasores e ladr\u00f5es?<\/p>\n\n\n\n<p>A <em>privacy by design<\/em> s\u00e3o as fechaduras e muros altos de seu sistema, que proteger\u00e3o seus caros pertences, ou seja, os dados pessoais de seus usu\u00e1rios, de eventuais roubos de dados ou vazamentos por falhas ou hackers.<\/p>\n\n\n\n<p>Nossas av\u00f3s eram s\u00e1bias quando diziam que \u201cprevenir \u00e9 melhor do que remediar\u201d.<\/p>\n\n\n\n<p>Com a LGPD em vigor, n\u00e3o \u00e9 sensato, e nem mesmo permitido, tratar dados pessoais com desleixo.<\/p>\n\n\n\n<p>Startups e empresas que est\u00e3o iniciando suas atividades agora podem se estruturar de modo a garantir a&nbsp;<strong>prote\u00e7\u00e3o dos dados pessoais<\/strong>&nbsp;de seus clientes e usu\u00e1rios desde a concep\u00e7\u00e3o do sistema.<\/p>\n\n\n\n<p>Mas o que diz a Lei Geral de Prote\u00e7\u00e3o de Dados, afinal?<\/p>\n\n\n\n<h2 class=\"wp-block-heading\"><strong>Entenda a Lei Geral de Prote\u00e7\u00e3o de Dados no Brasil<\/strong><\/h2>\n\n\n\n<blockquote class=\"wp-block-quote is-layout-flow wp-block-quote-is-layout-flow\">\n<p><em>\u201cSE VOC\u00ca N\u00c3O EST\u00c1 PAGANDO POR UM PRODUTO, O PRODUTO \u00c9 VOC\u00ca\u201d<\/em><\/p>\n<\/blockquote>\n\n\n\n<p>Essa frase do jornalista&nbsp;<em>Andrew Lewis<\/em>&nbsp;explica de forma sucinta o porqu\u00ea, logo depois de fazer uma pesquisa de um produto no&nbsp;<em>Google&nbsp;<\/em>sem pagar nada por isso, voc\u00ea receber\u00e1 an\u00fancios daquele mesmo produto por dias:&nbsp;<strong>dados pessoais s\u00e3o uma mercadoria valiosa.<\/strong><\/p>\n\n\n\n<p>H\u00e1 muitos anos se sabe que a era digital poderia transformar a capta\u00e7\u00e3o e comercializa\u00e7\u00e3o de dados pessoais em um lucrativo neg\u00f3cio, mas foi apenas em 2016 que uma legisla\u00e7\u00e3o robusta sobre prote\u00e7\u00e3o de dados foi promulgada.<\/p>\n\n\n\n<p>A GDPR, ou&nbsp;<em>General Data Protection Regulation<\/em>, aprovada em 2016 e em vigor na Uni\u00e3o Europeia desde 2018, obrigou empresas, mesmo gigantes como o Google e o Facebook, a mudarem a forma como captavam e tratavam os dados pessoais dos usu\u00e1rios.<\/p>\n\n\n\n<p>No mesmo ano em que a GDPR entrou em vigor, foi aprovada no Brasil a&nbsp;<strong><a href=\"http:\/\/www.planalto.gov.br\/ccivil_03\/_ato2015-2018\/2018\/lei\/l13709.htm\" target=\"_blank\" rel=\"noreferrer noopener\">Lei Geral de Prote\u00e7\u00e3o de Dados<\/a><\/strong>, ou LGPD, at\u00e9 mesmo como um requisito para que o pa\u00eds possa ingressar na OCDE (Organiza\u00e7\u00e3o para a Coopera\u00e7\u00e3o e Desenvolvimento Econ\u00f4mico).<\/p>\n\n\n\n<p>A LGPD entrou em vigor em agosto de 2020 e passou a exigir, como a GDPR, mudan\u00e7as dr\u00e1sticas na forma como empresas que&nbsp;<strong>coletam, armazenam e compartilham dados pessoais<\/strong>&nbsp;os tratam e protegem as informa\u00e7\u00f5es dos usu\u00e1rios.<\/p>\n\n\n\n<p>Essa lei, que tem a transpar\u00eancia como um de seus princ\u00edpios fundamentais, exige que empresas adequem seus procedimentos, para que os usu\u00e1rios e clientes saibam exatamente quais dados ser\u00e3o coletados, com qual finalidade e como ser\u00e3o armazenados.<\/p>\n\n\n\n<p>Al\u00e9m disso, a LGPD estipula que o usu\u00e1rio dever\u00e1 consentir expressamente com o tratamento de seus dados pessoais, salvo nas hip\u00f3teses legais, que incluem o cumprimento de obriga\u00e7\u00f5es legais ou a prote\u00e7\u00e3o da vida ou sa\u00fade do titular, por exemplo.<\/p>\n\n\n\n<p>A obrigatoriedade de ter&nbsp;<strong>pol\u00edtica de privacidade&nbsp;<\/strong>de f\u00e1cil entendimento e a possibilidade de corrigir dados ou pausar seu compartilhamento com aquela empresa tamb\u00e9m s\u00e3o exemplos de mudan\u00e7as trazidas pela lei.<\/p>\n\n\n\n<p>Apesar de n\u00e3o ter pego ningu\u00e9m de surpresa, afinal, a LGPD foi sancionada em 2018, muitas empresas esperaram at\u00e9 o \u00faltimo momento para adequar suas pol\u00edticas de privacidade e a forma como tratam dados pessoais de seus clientes.<\/p>\n\n\n\n<p>Enquanto empresas j\u00e1 em atividade n\u00e3o tiveram escolha al\u00e9m de se adequarem \u00e0 LGPD, empresas novas, que surgiram j\u00e1 sabendo que a lei entraria em vigor, tiveram a oportunidade de adequarem-se desde o in\u00edcio para a prote\u00e7\u00e3o de dados pessoais.<\/p>\n\n\n\n<p>Essa possibilidade de&nbsp;<strong>adequa\u00e7\u00e3o \u00e0 LGPD desde a concep\u00e7\u00e3o<\/strong>&nbsp;do projeto \u00e9 conhecida como&nbsp;<em>Privacy By Design<\/em>.<\/p>\n\n\n\n<h2 class=\"wp-block-heading\">O que \u00e9 Privacy By Design (privacidade desde a concep\u00e7\u00e3o)?<\/h2>\n\n\n\n<p>O conceito de <em>privacy by design<\/em>, ou privacidade desde a concep\u00e7\u00e3o, n\u00e3o \u00e9 novo, mas ganhou popularidade por ser uma forma mais eficiente para que novas empresas operem em conformidade com leis de prote\u00e7\u00e3o de dados desde o come\u00e7o.<\/p>\n\n\n\n<p>Essa ideia prop\u00f5e que todo o desenvolvimento do software, aplica\u00e7\u00e3o ou qualquer tipo de sistema seja pensado desde seu in\u00edcio voltado para a prote\u00e7\u00e3o de dados pessoais, integrando essa prote\u00e7\u00e3o com a tecnologia desde sua cria\u00e7\u00e3o.<\/p>\n\n\n\n<p>A ideia por tr\u00e1s do <em>privacy by design<\/em> \u00e9 simples e intuitiva:\u00a0<strong>\u00e9 mais f\u00e1cil e barato pensar em prote\u00e7\u00e3o extensiva de dados pessoais desde a concep\u00e7\u00e3o do sistema<\/strong>, ao inv\u00e9s de lidar com os problemas e falhas de seguran\u00e7a conforme aparecem.<\/p>\n\n\n\n<p>Empresas que aplicam esse conceito pensam na privacidade dos dados dos usu\u00e1rios em todos os momentos, e nenhum projeto ou produto ser\u00e1 desenvolvido ou aprovado sem que a prote\u00e7\u00e3o de dados seja uma preocupa\u00e7\u00e3o central.<\/p>\n\n\n\n<p><em>Ann Cavoukian<\/em>, criadora do conceito de <em>privacy by design<\/em> ainda nos anos 90, definiu\u00a0<strong>7 princ\u00edpios<\/strong>\u00a0b\u00e1sicos que norteiam essa pr\u00e1tica.<\/p>\n\n\n\n<p>No pr\u00f3ximo item, vamos te mostrar quais s\u00e3o esses princ\u00edpios e como eles podem ser bem \u00fateis no processo de adequa\u00e7\u00e3o da sua empresa \u00e0 LGPD.<\/p>\n\n\n\n<h2 class=\"wp-block-heading\">Primeiro princ\u00edpio do <em>Privacy By Design<\/em>: proativo e n\u00e3o reativo + preventivo e n\u00e3o corretivo<\/h2>\n\n\n\n<p>A chave da <em>privacy by design<\/em> \u00e9 a preven\u00e7\u00e3o de viola\u00e7\u00f5es de privacidade e vazamentos de dados pessoais.<\/p>\n\n\n\n<p>A empresa que adota esse conceito foca em privacidade desde o in\u00edcio e a seguran\u00e7a de dados \u00e9 uma prioridade.<\/p>\n\n\n\n<p>Empresas que se desenvolvem desde o in\u00edcio n\u00e3o buscam mecanismos para lidar com incidentes de dados, mas sim, evitar, desde a sua concep\u00e7\u00e3o, que problemas envolvendo privacidade de dados ocorram.<\/p>\n\n\n\n<p>Por isso, \u00e9&nbsp;<strong>preventivo e proativo<\/strong>.<\/p>\n\n\n\n<h2 class=\"wp-block-heading\">Segundo princ\u00edpio: privacy by default<\/h2>\n\n\n\n<p>Conceito incorporado \u00e0 <em>privacy by design<\/em>, a <em>privacy by default<\/em> estabelece que as configura\u00e7\u00f5es iniciais do sistema ou aplica\u00e7\u00e3o ofere\u00e7am m\u00e1xima prote\u00e7\u00e3o de dados ao usu\u00e1rio.<\/p>\n\n\n\n<p>Assim, na configura\u00e7\u00e3o autom\u00e1tica do sistema, da forma como ele chega \u00e0s m\u00e3os do usu\u00e1rio, o maior n\u00edvel de prote\u00e7\u00e3o de dados \u00e9 aplicado sem a necessidade de altera\u00e7\u00e3o volunt\u00e1ria por parte do titular.<\/p>\n\n\n\n<p>Ou seja: o sistema n\u00e3o capta e compartilha seus dados e voc\u00ea precisa manualmente desativar essa op\u00e7\u00e3o. Pelo contr\u00e1rio, o compartilhamento de dados \u00e9 que ser\u00e1 ativado manualmente, se o usu\u00e1rio desejar faz\u00ea-lo.<\/p>\n\n\n\n<h2 class=\"wp-block-heading\">Terceiro princ\u00edpio: funcionalidade completa<\/h2>\n\n\n\n<p>Os aplicativos e sistemas que utilizam a <em>privacy by design<\/em> n\u00e3o podem tratar dados pessoais como mercadoria ou condicionar o uso da plataforma ao compartilhamento de dados pessoais pelo usu\u00e1rio.<\/p>\n\n\n\n<p>Ent\u00e3o, mesmo na configura\u00e7\u00e3o m\u00e1xima de privacidade, que ser\u00e1 a configura\u00e7\u00e3o inicial pelo <em>privacy by default<\/em>, o usu\u00e1rio ainda ter\u00e1 acesso a todas as funcionalidades do sistema, independente do compartilhamento de dados.<\/p>\n\n\n\n<h2 class=\"wp-block-heading\">Quarto princ\u00edpio: privacidade incorporada ao design<\/h2>\n\n\n\n<p>A privacidade nesse conceito deve ser incorporada ao design da aplica\u00e7\u00e3o desde o come\u00e7o, para sua maior funcionalidade e usabilidade.<\/p>\n\n\n\n<p>Como n\u00e3o \u00e9 permitido piorar a aplica\u00e7\u00e3o em troca de dados, ela deve ser adequada \u00e0 prote\u00e7\u00e3o destes desde o come\u00e7o.<\/p>\n\n\n\n<p>Al\u00e9m disso, o usu\u00e1rio tem seus dados protegidos pela aplica\u00e7\u00e3o, e somente por sua vontade ativa poder\u00e1 ativar as op\u00e7\u00f5es de coleta e compartilhamento de dados com aquele sistema.<\/p>\n\n\n\n<h2 class=\"wp-block-heading\">Quinto princ\u00edpio: seguran\u00e7a de ponta a ponta<\/h2>\n\n\n\n<p>Os dados pessoais dos titulares s\u00e3o protegidos adequadamente desde o momento em que o compartilhamento come\u00e7a, e essa prote\u00e7\u00e3o ocorre de forma intensa em todas as fases do procedimento, n\u00e3o sendo restrita \u00e0 configura\u00e7\u00e3o.<\/p>\n\n\n\n<p>A partir do momento em que o usu\u00e1rio autoriza o compartilhamento de dados, estes s\u00e3o extensivamente protegidos, desde a coleta at\u00e9 a sua destrui\u00e7\u00e3o, processadas pelo sistema com a devida seguran\u00e7a.<\/p>\n\n\n\n<h2 class=\"wp-block-heading\">Sexto princ\u00edpio: visibilidade e transpar\u00eancia<\/h2>\n\n\n\n<p>A empresa n\u00e3o pode somente afirmar que protege dados pessoais, mas, deve ser capaz de provar isso, permitindo a auditoria de seu processo de seguran\u00e7a, pelo usu\u00e1rio ou por entidades independentes.<\/p>\n\n\n\n<p>O titular deve ser capaz de obter informa\u00e7\u00f5es claras quanto ao tratamento de seus dados pessoais pelo sistema e saber exatamente como estes ser\u00e3o utilizados pela empresa durante todo o processo, al\u00e9m de ter acesso \u00e0s ferramentas utilizadas pela aplica\u00e7\u00e3o para a prote\u00e7\u00e3o de dados.<\/p>\n\n\n\n<h2 class=\"wp-block-heading\">S\u00e9timo princ\u00edpio: respeito \u00e0 privacidade do usu\u00e1rio<\/h2>\n\n\n\n<p>\u00c9 quase redundante que um conceito que visa a privacidade desde a concep\u00e7\u00e3o do sistema tenha a privacidade do usu\u00e1rio como um princ\u00edpio norteador.<\/p>\n\n\n\n<p>Isso reflete a import\u00e2ncia fundamental que a&nbsp;<em>privacy by design<\/em>&nbsp;d\u00e1 \u00e0 prote\u00e7\u00e3o de dados.<\/p>\n\n\n\n<p>A empresa dever\u00e1 ter a privacidade de dados como preocupa\u00e7\u00e3o prim\u00e1ria, e n\u00e3o subestimar ou ser desleixada no tratamento de dados pessoais dos usu\u00e1rios.<\/p>\n\n\n\n<p>Na era digital e da informa\u00e7\u00e3o,&nbsp;<strong>dados pessoais s\u00e3o valiosos<\/strong>.<\/p>\n\n\n\n<p>Empresas que t\u00eam acesso a esses dados devem ser orientadas pela seguran\u00e7a, \u00e9tica e integridade, assegurando sempre a confidencialidade dos dados e a prote\u00e7\u00e3o de seu cliente.<\/p>\n\n\n\n<p>Todos os princ\u00edpios da <em>privacy by design<\/em> se interconectam e se completam.<\/p>\n\n\n\n<p>Por meio dessa t\u00e9cnica, empresas, digitais ou n\u00e3o, podem evitar conflitos com a lei (e as altas multas que a LGPD prev\u00ea) de uma forma que&nbsp;<strong>n\u00e3o comprometa a qualidade de seu produto ou servi\u00e7o<\/strong>.<\/p>\n\n\n\n<p>A <em>privacy by design<\/em> exige o conhecimento e comprometimento de todos os envolvidos no desenvolvimento do neg\u00f3cio desde o come\u00e7o, e que a mentalidade da privacidade seja incorporada na \u00e9tica empresarial para que o neg\u00f3cio d\u00ea frutos.<\/p>\n\n\n\n<h2 class=\"wp-block-heading\">A hora de utilizar os princ\u00edpios <em>Privacy By Design<\/em> na sua empresa \u00e9 agora!<\/h2>\n\n\n\n<p>Ao estruturar seu sistema desde o in\u00edcio com preocupa\u00e7\u00e3o no tratamento de dados, voc\u00ea evita problemas e gastos de tempo e dinheiro futuros, consertando um problema que poderia n\u00e3o ter existido.<\/p>\n\n\n\n<p>Para quem est\u00e1 com uma ideia na cabe\u00e7a ou dando os primeiros passos na estrutura\u00e7\u00e3o de sua startup, empresa ou sistema,&nbsp;<strong>a hora de pensar em privacidade de dados \u00e9 agora.<\/strong><\/p>\n\n\n\n<p>Afinal, voc\u00ea ter\u00e1 de lidar com a prote\u00e7\u00e3o de dados de seus usu\u00e1rios uma hora ou outra: ou no desenvolvimento do sistema, voltando-se para a preven\u00e7\u00e3o de riscos, ou quando sofrer as consequ\u00eancias de n\u00e3o ter pensado em privacidade antes.<\/p>\n\n\n\n<p>Quer saber mais e colocar em pr\u00e1tica os princ\u00edpios mencionados? <a href=\"https:\/\/api.whatsapp.com\/send?phone=5511992633247&amp;text=Ol%C3%A1,%20li%20o%20artigo%20sobre%20privacy%20by%20design%20(LGPD)%20e%20quero%20falar%20com%20o%20time%20SAFIE.\">Entre em contato com o nosso time<\/a> que est\u00e1 pronta para auxiliar. <\/p>\n\n\n\n<hr class=\"wp-block-separator has-css-opacity\"\/>\n","protected":false},"excerpt":{"rendered":"<p>No artigo de hoje n\u00f3s vamos te explicar o que \u00e9 o Privacy By Design e como voc\u00ea pode aplicar os seus princ\u00edpios para adequar a sua empresa \u00e0 Lei Geral de Prote\u00e7\u00e3o de Dados Pessoais desde a sua concep\u00e7\u00e3o.<\/p>\n","protected":false},"author":5,"featured_media":8213,"comment_status":"open","ping_status":"open","sticky":false,"template":"","format":"standard","meta":{"footnotes":""},"categories":[171],"tags":[51,92,113,137],"class_list":["post-6070","post","type-post","status-publish","format-standard","has-post-thumbnail","hentry","category-lgpd","tag-empresa","tag-lgpd","tag-propriedade-intelectual","tag-startups"],"yoast_head":"<!-- This site is optimized with the Yoast SEO plugin v27.5 - https:\/\/yoast.com\/product\/yoast-seo-wordpress\/ -->\n<title>Os 7 princ\u00edpios do Privacy By Design e como aplic\u00e1-los na sua empresa<\/title>\n<meta name=\"description\" content=\"Conhe\u00e7a a import\u00e2ncia e o conceito de privacy by design e seus 7 princ\u00edpios e como aplicar na sua empresa.\" \/>\n<meta name=\"robots\" content=\"index, follow, max-snippet:-1, max-image-preview:large, max-video-preview:-1\" \/>\n<link rel=\"canonical\" href=\"https:\/\/blog.safie.com.br\/?p=6070\" \/>\n<meta property=\"og:locale\" content=\"pt_BR\" \/>\n<meta property=\"og:type\" content=\"article\" \/>\n<meta property=\"og:title\" content=\"Os 7 princ\u00edpios do Privacy By Design e como aplic\u00e1-los na sua empresa\" \/>\n<meta property=\"og:description\" content=\"Conhe\u00e7a a import\u00e2ncia e o conceito de privacy by design e seus 7 princ\u00edpios e como aplicar na sua empresa.\" \/>\n<meta property=\"og:url\" content=\"https:\/\/blog.safie.com.br\/?p=6070\" \/>\n<meta property=\"og:site_name\" content=\"SAFIE\" \/>\n<meta property=\"article:published_time\" content=\"2022-05-04T14:19:00+00:00\" \/>\n<meta property=\"article:modified_time\" content=\"2023-01-17T23:28:40+00:00\" \/>\n<meta property=\"og:image\" content=\"https:\/\/blog.safie.com.br\/wp-content\/uploads\/2022\/05\/CAPA-ARTIGOS-BLOG-19.png\" \/>\n\t<meta property=\"og:image:width\" content=\"1920\" \/>\n\t<meta property=\"og:image:height\" content=\"1280\" \/>\n\t<meta property=\"og:image:type\" content=\"image\/png\" \/>\n<meta name=\"author\" content=\"SAFIE\" \/>\n<meta name=\"twitter:card\" content=\"summary_large_image\" \/>\n<meta name=\"twitter:label1\" content=\"Escrito por\" \/>\n\t<meta name=\"twitter:data1\" content=\"SAFIE\" \/>\n\t<meta name=\"twitter:label2\" content=\"Est. tempo de leitura\" \/>\n\t<meta name=\"twitter:data2\" content=\"9 minutos\" \/>\n<script type=\"application\/ld+json\" class=\"yoast-schema-graph\">{\"@context\":\"https:\\\/\\\/schema.org\",\"@graph\":[{\"@type\":\"Article\",\"@id\":\"https:\\\/\\\/blog.safie.com.br\\\/?p=6070#article\",\"isPartOf\":{\"@id\":\"https:\\\/\\\/blog.safie.com.br\\\/?p=6070\"},\"author\":{\"name\":\"SAFIE\",\"@id\":\"https:\\\/\\\/blog.safie.com.br\\\/#\\\/schema\\\/person\\\/d3c141139ca99338d2504b7e7886c5bd\"},\"headline\":\"Os 7 princ\u00edpios do Privacy By Design e como aplic\u00e1-los na sua empresa\",\"datePublished\":\"2022-05-04T14:19:00+00:00\",\"dateModified\":\"2023-01-17T23:28:40+00:00\",\"mainEntityOfPage\":{\"@id\":\"https:\\\/\\\/blog.safie.com.br\\\/?p=6070\"},\"wordCount\":1817,\"commentCount\":0,\"publisher\":{\"@id\":\"https:\\\/\\\/blog.safie.com.br\\\/#organization\"},\"image\":{\"@id\":\"https:\\\/\\\/blog.safie.com.br\\\/?p=6070#primaryimage\"},\"thumbnailUrl\":\"https:\\\/\\\/blog.safie.com.br\\\/wp-content\\\/uploads\\\/2022\\\/05\\\/CAPA-ARTIGOS-BLOG-19.png\",\"keywords\":[\"empresa\",\"LGPD\",\"propriedade intelectual\",\"startups\"],\"articleSection\":[\"LGPD e Privacidade\"],\"inLanguage\":\"pt-BR\",\"potentialAction\":[{\"@type\":\"CommentAction\",\"name\":\"Comment\",\"target\":[\"https:\\\/\\\/blog.safie.com.br\\\/?p=6070#respond\"]}]},{\"@type\":\"WebPage\",\"@id\":\"https:\\\/\\\/blog.safie.com.br\\\/?p=6070\",\"url\":\"https:\\\/\\\/blog.safie.com.br\\\/?p=6070\",\"name\":\"Os 7 princ\u00edpios do Privacy By Design e como aplic\u00e1-los na sua empresa\",\"isPartOf\":{\"@id\":\"https:\\\/\\\/blog.safie.com.br\\\/#website\"},\"primaryImageOfPage\":{\"@id\":\"https:\\\/\\\/blog.safie.com.br\\\/?p=6070#primaryimage\"},\"image\":{\"@id\":\"https:\\\/\\\/blog.safie.com.br\\\/?p=6070#primaryimage\"},\"thumbnailUrl\":\"https:\\\/\\\/blog.safie.com.br\\\/wp-content\\\/uploads\\\/2022\\\/05\\\/CAPA-ARTIGOS-BLOG-19.png\",\"datePublished\":\"2022-05-04T14:19:00+00:00\",\"dateModified\":\"2023-01-17T23:28:40+00:00\",\"description\":\"Conhe\u00e7a a import\u00e2ncia e o conceito de privacy by design e seus 7 princ\u00edpios e como aplicar na sua empresa.\",\"breadcrumb\":{\"@id\":\"https:\\\/\\\/blog.safie.com.br\\\/?p=6070#breadcrumb\"},\"inLanguage\":\"pt-BR\",\"potentialAction\":[{\"@type\":\"ReadAction\",\"target\":[\"https:\\\/\\\/blog.safie.com.br\\\/?p=6070\"]}]},{\"@type\":\"ImageObject\",\"inLanguage\":\"pt-BR\",\"@id\":\"https:\\\/\\\/blog.safie.com.br\\\/?p=6070#primaryimage\",\"url\":\"https:\\\/\\\/blog.safie.com.br\\\/wp-content\\\/uploads\\\/2022\\\/05\\\/CAPA-ARTIGOS-BLOG-19.png\",\"contentUrl\":\"https:\\\/\\\/blog.safie.com.br\\\/wp-content\\\/uploads\\\/2022\\\/05\\\/CAPA-ARTIGOS-BLOG-19.png\",\"width\":1920,\"height\":1280},{\"@type\":\"BreadcrumbList\",\"@id\":\"https:\\\/\\\/blog.safie.com.br\\\/?p=6070#breadcrumb\",\"itemListElement\":[{\"@type\":\"ListItem\",\"position\":1,\"name\":\"In\u00edcio\",\"item\":\"https:\\\/\\\/blog.safie.com.br\\\/\"},{\"@type\":\"ListItem\",\"position\":2,\"name\":\"Os 7 princ\u00edpios do Privacy By Design e como aplic\u00e1-los na sua empresa\"}]},{\"@type\":\"WebSite\",\"@id\":\"https:\\\/\\\/blog.safie.com.br\\\/#website\",\"url\":\"https:\\\/\\\/blog.safie.com.br\\\/\",\"name\":\"safei.com.br\",\"description\":\"Jur\u00eddico para empresas\",\"publisher\":{\"@id\":\"https:\\\/\\\/blog.safie.com.br\\\/#organization\"},\"potentialAction\":[{\"@type\":\"SearchAction\",\"target\":{\"@type\":\"EntryPoint\",\"urlTemplate\":\"https:\\\/\\\/blog.safie.com.br\\\/?s={search_term_string}\"},\"query-input\":{\"@type\":\"PropertyValueSpecification\",\"valueRequired\":true,\"valueName\":\"search_term_string\"}}],\"inLanguage\":\"pt-BR\"},{\"@type\":\"Organization\",\"@id\":\"https:\\\/\\\/blog.safie.com.br\\\/#organization\",\"name\":\"SAFIE\",\"url\":\"https:\\\/\\\/blog.safie.com.br\\\/\",\"logo\":{\"@type\":\"ImageObject\",\"inLanguage\":\"pt-BR\",\"@id\":\"https:\\\/\\\/blog.safie.com.br\\\/#\\\/schema\\\/logo\\\/image\\\/\",\"url\":\"https:\\\/\\\/blog.safie.com.br\\\/wp-content\\\/uploads\\\/2025\\\/03\\\/cropped-2-1.webp\",\"contentUrl\":\"https:\\\/\\\/blog.safie.com.br\\\/wp-content\\\/uploads\\\/2025\\\/03\\\/cropped-2-1.webp\",\"width\":1743,\"height\":497,\"caption\":\"SAFIE\"},\"image\":{\"@id\":\"https:\\\/\\\/blog.safie.com.br\\\/#\\\/schema\\\/logo\\\/image\\\/\"}},{\"@type\":\"Person\",\"@id\":\"https:\\\/\\\/blog.safie.com.br\\\/#\\\/schema\\\/person\\\/d3c141139ca99338d2504b7e7886c5bd\",\"name\":\"SAFIE\",\"image\":{\"@type\":\"ImageObject\",\"inLanguage\":\"pt-BR\",\"@id\":\"https:\\\/\\\/blog.safie.com.br\\\/wp-content\\\/litespeed\\\/avatar\\\/77acb39bfadb4795da4a74fbdf4fccfa.jpg?ver=1777520002\",\"url\":\"https:\\\/\\\/blog.safie.com.br\\\/wp-content\\\/litespeed\\\/avatar\\\/77acb39bfadb4795da4a74fbdf4fccfa.jpg?ver=1777520002\",\"contentUrl\":\"https:\\\/\\\/blog.safie.com.br\\\/wp-content\\\/litespeed\\\/avatar\\\/77acb39bfadb4795da4a74fbdf4fccfa.jpg?ver=1777520002\",\"caption\":\"SAFIE\"},\"url\":\"https:\\\/\\\/blog.safie.com.br\\\/?author=5\"}]}<\/script>\n<!-- \/ Yoast SEO plugin. -->","yoast_head_json":{"title":"Os 7 princ\u00edpios do Privacy By Design e como aplic\u00e1-los na sua empresa","description":"Conhe\u00e7a a import\u00e2ncia e o conceito de privacy by design e seus 7 princ\u00edpios e como aplicar na sua empresa.","robots":{"index":"index","follow":"follow","max-snippet":"max-snippet:-1","max-image-preview":"max-image-preview:large","max-video-preview":"max-video-preview:-1"},"canonical":"https:\/\/blog.safie.com.br\/?p=6070","og_locale":"pt_BR","og_type":"article","og_title":"Os 7 princ\u00edpios do Privacy By Design e como aplic\u00e1-los na sua empresa","og_description":"Conhe\u00e7a a import\u00e2ncia e o conceito de privacy by design e seus 7 princ\u00edpios e como aplicar na sua empresa.","og_url":"https:\/\/blog.safie.com.br\/?p=6070","og_site_name":"SAFIE","article_published_time":"2022-05-04T14:19:00+00:00","article_modified_time":"2023-01-17T23:28:40+00:00","og_image":[{"width":1920,"height":1280,"url":"https:\/\/blog.safie.com.br\/wp-content\/uploads\/2022\/05\/CAPA-ARTIGOS-BLOG-19.png","type":"image\/png"}],"author":"SAFIE","twitter_card":"summary_large_image","twitter_misc":{"Escrito por":"SAFIE","Est. tempo de leitura":"9 minutos"},"schema":{"@context":"https:\/\/schema.org","@graph":[{"@type":"Article","@id":"https:\/\/blog.safie.com.br\/?p=6070#article","isPartOf":{"@id":"https:\/\/blog.safie.com.br\/?p=6070"},"author":{"name":"SAFIE","@id":"https:\/\/blog.safie.com.br\/#\/schema\/person\/d3c141139ca99338d2504b7e7886c5bd"},"headline":"Os 7 princ\u00edpios do Privacy By Design e como aplic\u00e1-los na sua empresa","datePublished":"2022-05-04T14:19:00+00:00","dateModified":"2023-01-17T23:28:40+00:00","mainEntityOfPage":{"@id":"https:\/\/blog.safie.com.br\/?p=6070"},"wordCount":1817,"commentCount":0,"publisher":{"@id":"https:\/\/blog.safie.com.br\/#organization"},"image":{"@id":"https:\/\/blog.safie.com.br\/?p=6070#primaryimage"},"thumbnailUrl":"https:\/\/blog.safie.com.br\/wp-content\/uploads\/2022\/05\/CAPA-ARTIGOS-BLOG-19.png","keywords":["empresa","LGPD","propriedade intelectual","startups"],"articleSection":["LGPD e Privacidade"],"inLanguage":"pt-BR","potentialAction":[{"@type":"CommentAction","name":"Comment","target":["https:\/\/blog.safie.com.br\/?p=6070#respond"]}]},{"@type":"WebPage","@id":"https:\/\/blog.safie.com.br\/?p=6070","url":"https:\/\/blog.safie.com.br\/?p=6070","name":"Os 7 princ\u00edpios do Privacy By Design e como aplic\u00e1-los na sua empresa","isPartOf":{"@id":"https:\/\/blog.safie.com.br\/#website"},"primaryImageOfPage":{"@id":"https:\/\/blog.safie.com.br\/?p=6070#primaryimage"},"image":{"@id":"https:\/\/blog.safie.com.br\/?p=6070#primaryimage"},"thumbnailUrl":"https:\/\/blog.safie.com.br\/wp-content\/uploads\/2022\/05\/CAPA-ARTIGOS-BLOG-19.png","datePublished":"2022-05-04T14:19:00+00:00","dateModified":"2023-01-17T23:28:40+00:00","description":"Conhe\u00e7a a import\u00e2ncia e o conceito de privacy by design e seus 7 princ\u00edpios e como aplicar na sua empresa.","breadcrumb":{"@id":"https:\/\/blog.safie.com.br\/?p=6070#breadcrumb"},"inLanguage":"pt-BR","potentialAction":[{"@type":"ReadAction","target":["https:\/\/blog.safie.com.br\/?p=6070"]}]},{"@type":"ImageObject","inLanguage":"pt-BR","@id":"https:\/\/blog.safie.com.br\/?p=6070#primaryimage","url":"https:\/\/blog.safie.com.br\/wp-content\/uploads\/2022\/05\/CAPA-ARTIGOS-BLOG-19.png","contentUrl":"https:\/\/blog.safie.com.br\/wp-content\/uploads\/2022\/05\/CAPA-ARTIGOS-BLOG-19.png","width":1920,"height":1280},{"@type":"BreadcrumbList","@id":"https:\/\/blog.safie.com.br\/?p=6070#breadcrumb","itemListElement":[{"@type":"ListItem","position":1,"name":"In\u00edcio","item":"https:\/\/blog.safie.com.br\/"},{"@type":"ListItem","position":2,"name":"Os 7 princ\u00edpios do Privacy By Design e como aplic\u00e1-los na sua empresa"}]},{"@type":"WebSite","@id":"https:\/\/blog.safie.com.br\/#website","url":"https:\/\/blog.safie.com.br\/","name":"safei.com.br","description":"Jur\u00eddico para empresas","publisher":{"@id":"https:\/\/blog.safie.com.br\/#organization"},"potentialAction":[{"@type":"SearchAction","target":{"@type":"EntryPoint","urlTemplate":"https:\/\/blog.safie.com.br\/?s={search_term_string}"},"query-input":{"@type":"PropertyValueSpecification","valueRequired":true,"valueName":"search_term_string"}}],"inLanguage":"pt-BR"},{"@type":"Organization","@id":"https:\/\/blog.safie.com.br\/#organization","name":"SAFIE","url":"https:\/\/blog.safie.com.br\/","logo":{"@type":"ImageObject","inLanguage":"pt-BR","@id":"https:\/\/blog.safie.com.br\/#\/schema\/logo\/image\/","url":"https:\/\/blog.safie.com.br\/wp-content\/uploads\/2025\/03\/cropped-2-1.webp","contentUrl":"https:\/\/blog.safie.com.br\/wp-content\/uploads\/2025\/03\/cropped-2-1.webp","width":1743,"height":497,"caption":"SAFIE"},"image":{"@id":"https:\/\/blog.safie.com.br\/#\/schema\/logo\/image\/"}},{"@type":"Person","@id":"https:\/\/blog.safie.com.br\/#\/schema\/person\/d3c141139ca99338d2504b7e7886c5bd","name":"SAFIE","image":{"@type":"ImageObject","inLanguage":"pt-BR","@id":"https:\/\/blog.safie.com.br\/wp-content\/litespeed\/avatar\/77acb39bfadb4795da4a74fbdf4fccfa.jpg?ver=1777520002","url":"https:\/\/blog.safie.com.br\/wp-content\/litespeed\/avatar\/77acb39bfadb4795da4a74fbdf4fccfa.jpg?ver=1777520002","contentUrl":"https:\/\/blog.safie.com.br\/wp-content\/litespeed\/avatar\/77acb39bfadb4795da4a74fbdf4fccfa.jpg?ver=1777520002","caption":"SAFIE"},"url":"https:\/\/blog.safie.com.br\/?author=5"}]}},"_links":{"self":[{"href":"https:\/\/blog.safie.com.br\/index.php?rest_route=\/wp\/v2\/posts\/6070","targetHints":{"allow":["GET"]}}],"collection":[{"href":"https:\/\/blog.safie.com.br\/index.php?rest_route=\/wp\/v2\/posts"}],"about":[{"href":"https:\/\/blog.safie.com.br\/index.php?rest_route=\/wp\/v2\/types\/post"}],"author":[{"embeddable":true,"href":"https:\/\/blog.safie.com.br\/index.php?rest_route=\/wp\/v2\/users\/5"}],"replies":[{"embeddable":true,"href":"https:\/\/blog.safie.com.br\/index.php?rest_route=%2Fwp%2Fv2%2Fcomments&post=6070"}],"version-history":[{"count":0,"href":"https:\/\/blog.safie.com.br\/index.php?rest_route=\/wp\/v2\/posts\/6070\/revisions"}],"wp:featuredmedia":[{"embeddable":true,"href":"https:\/\/blog.safie.com.br\/index.php?rest_route=\/wp\/v2\/media\/8213"}],"wp:attachment":[{"href":"https:\/\/blog.safie.com.br\/index.php?rest_route=%2Fwp%2Fv2%2Fmedia&parent=6070"}],"wp:term":[{"taxonomy":"category","embeddable":true,"href":"https:\/\/blog.safie.com.br\/index.php?rest_route=%2Fwp%2Fv2%2Fcategories&post=6070"},{"taxonomy":"post_tag","embeddable":true,"href":"https:\/\/blog.safie.com.br\/index.php?rest_route=%2Fwp%2Fv2%2Ftags&post=6070"}],"curies":[{"name":"wp","href":"https:\/\/api.w.org\/{rel}","templated":true}]}}