{"id":6064,"date":"2022-05-04T10:18:00","date_gmt":"2022-05-04T13:18:00","guid":{"rendered":"https:\/\/cmastartups.com.br\/?p=6064"},"modified":"2023-01-18T10:31:32","modified_gmt":"2023-01-18T13:31:32","slug":"o-que-e-o-relatorio-de-impacto-a-protecao-dos-dados-pessoais","status":"publish","type":"post","link":"https:\/\/blog.safie.com.br\/?p=6064","title":{"rendered":"O que \u00e9 o Relat\u00f3rio de Impacto \u00e0 Prote\u00e7\u00e3o dos Dados Pessoais?"},"content":{"rendered":"\n<p>Com a&nbsp;<a href=\"http:\/\/www.planalto.gov.br\/ccivil_03\/_ato2015-2018\/2018\/lei\/L13709compilado.htm\" target=\"_blank\" rel=\"noreferrer noopener\"><strong>Lei Geral de Prote\u00e7\u00e3o de Dados Pessoais<\/strong><\/a>&nbsp;&#8211; a famosa LGPD, o cuidado jur\u00eddico com a prote\u00e7\u00e3o de dados pessoais tem sido cada vez mais relevante. Atrav\u00e9s do relat\u00f3rio de impacto \u00e0 prote\u00e7\u00e3o de dados pessoais, vamos te explicar a import\u00e2ncia do tratamento e os benef\u00edcios a sua empresa. <\/p>\n\n\n\n<p>A LGPD traz uma s\u00e9rie de procedimentos e diretrizes a serem adotados pelas empresas na hora de fazer tratamento de dados pessoais.<\/p>\n\n\n\n<p>Um dos principais procedimentos a ser adotado \u00e9 a elabora\u00e7\u00e3o do&nbsp;<strong>Relat\u00f3rio de Impacto<\/strong>, documento que visa estabelecer mecanismos de mitiga\u00e7\u00e3o de risco e demonstrar como a empresa est\u00e1 em conformidade com a regulamenta\u00e7\u00e3o.<\/p>\n\n\n\n<p>Em seu art. 5\u00ba, XVII, a LGPD estabelece o Relat\u00f3rio de Impacto como a documenta\u00e7\u00e3o do Controlador que cont\u00e9m a descri\u00e7\u00e3o de tratamento de dados que podem gerar riscos \u00e0s liberdades civis e individuais.<\/p>\n\n\n\n<h2 class=\"wp-block-heading\"><strong>Quem \u00e9 o respons\u00e1vel por elaborar o Relat\u00f3rio de Impacto \u00e0 Prote\u00e7\u00e3o de Dados Pessoais?<\/strong><\/h2>\n\n\n\n<p>No tratamento de dados, o Controlador \u00e9 o respons\u00e1vel por tomar as decis\u00f5es sobre como os dados pessoais s\u00e3o tratados:<\/p>\n\n\n\n<figure class=\"wp-block-pullquote\"><blockquote><p>Art. 5\u00ba, VI &#8211; controlador: pessoa natural ou jur\u00eddica, de direito p\u00fablico ou privado, a quem competem as decis\u00f5es referentes ao tratamento de dados pessoais.<\/p><\/blockquote><\/figure>\n\n\n\n<p>Tamb\u00e9m&nbsp;<strong>\u00e9 responsabilidade do Controlador elaborar o Relat\u00f3rio de Impacto<\/strong>.<\/p>\n\n\n\n<p>Afinal, por ser o Controlador o incumbido de tomar as decis\u00f5es sobre o tratamento de dados, deve tamb\u00e9m estar ciente do impacto do tratamento realizado.<\/p>\n\n\n\n<p>\u00c9 dever do controlador garantir o exerc\u00edcio dos direitos do titular dos dados pessoais descritos no artigo 18 da LGPD.<\/p>\n\n\n\n<h2 class=\"wp-block-heading\"><strong>O Relat\u00f3rio de Impacto no processo de Governan\u00e7a em Privacidade<\/strong><\/h2>\n\n\n\n<p>O RIPD \u00e9 um dos procedimentos fundamentais para o Programa de Governan\u00e7a em Privacidade previsto na LGPD.<\/p>\n\n\n\n<p>Seu objetivo final \u00e9 garantir que o tratamento de dados seja guiado n\u00e3o s\u00f3 pelo aspecto operacional da empresa,&nbsp;<strong>mas tamb\u00e9m a partir das consequ\u00eancias do tratamento de dados<\/strong>.<\/p>\n\n\n\n<p>Com isso, para produzir o relat\u00f3rio, \u00e9 necess\u00e1rio o conhecimento total sobre todas as etapas do tratamento de dados, bem como as respectivas finalidades e bases legais para coleta e tratamento.<\/p>\n\n\n\n<p>As&nbsp;<strong>bases legais&nbsp;<\/strong>s\u00e3o os requisitos para o tratamento de dados pessoais, sendo as hip\u00f3teses que autorizam o tratamento pelo operador, elencadas no art. 7\u00ba da LGPD.<\/p>\n\n\n\n<p>J\u00e1 a&nbsp;<strong>finalidade&nbsp;<\/strong>\u00e9 o prop\u00f3sito espec\u00edfico para o qual aquele dado est\u00e1 sendo coletado e tratado.<\/p>\n\n\n\n<p>Tanto a base legal quanto a finalidade precisam ser definidas para cada dado tratado, bem como apresentadas aos titulares dos dados (transpar\u00eancia).<\/p>\n\n\n\n<p>Assim, a an\u00e1lise do risco medido pelo RIPD est\u00e1 diretamente ligado \u00e0 conjuntura espec\u00edfica do tratamento, podendo variar de empresa para empresa.<\/p>\n\n\n\n<h2 class=\"wp-block-heading\"><strong>O Leg\u00edtimo Interesse do Controlador e os Dados Sens\u00edveis no Relat\u00f3rio de Impacto \u00e0 Prote\u00e7\u00e3o de Dados Pessoais<\/strong><\/h2>\n\n\n\n<p>Um das bases legais que autorizam o tratamento de dados \u00e9 o&nbsp;<strong>Leg\u00edtimo Interesse<\/strong>&nbsp;do Controlador, prevista no inciso IX do artigo 7\u00aa da LGPD:<\/p>\n\n\n\n<figure class=\"wp-block-pullquote\"><blockquote><p>IX &#8211; quando necess\u00e1rio para atender aos interesses leg\u00edtimos do controlador ou de terceiro, exceto no caso de prevalecerem direitos e liberdades fundamentais do titular que exijam a prote\u00e7\u00e3o dos dados pessoais.<\/p><\/blockquote><\/figure>\n\n\n\n<p>Por\u00e9m, a lei n\u00e3o especifica o que \u00e9 leg\u00edtimo interesse, deixando o conceito legal em aberto &#8211; ao menos por enquanto.<\/p>\n\n\n\n<p>Pela aus\u00eancia de taxatividade e entendimento jurisprudencial sobre essa base legal, o leg\u00edtimo interesse ser\u00e1 utilizado com intuito de atender os interesses do controlador para sua prote\u00e7\u00e3o no exerc\u00edcio de seus direitos e na presta\u00e7\u00e3o de servi\u00e7os.<\/p>\n\n\n\n<p>Cabe ressaltar que o RIPD est\u00e1 diretamente ligado ao tratamento de dados com base no Interesse Leg\u00edtimo, visto que a Autoridade Nacional de Prote\u00e7\u00e3o de Dados (ANPD) poder\u00e1 solicitar ao controlador o RIPD a qualquer tempo, sempre que o tratamento tiver como fundamento essa base legal.<\/p>\n\n\n\n<p>Importante notar que a Lei cria ressalvas com rela\u00e7\u00e3o \u00e0 essa base legal, especificando que dever\u00e3o ser observados os segredos comercial e industrial, de acordo com o art. 9\u00ba, \u00a7 3\u00ba da LGPD.<\/p>\n\n\n\n<p>A mesma aten\u00e7\u00e3o deve ser tomada com o tratamento de&nbsp;<strong>dados pessoais sens\u00edveis<\/strong>, que s\u00e3o dados relacionados \u00e0 sa\u00fade, origem racial ou \u00e9tnica, orienta\u00e7\u00e3o sexual ou que possam de algum modo expor a vida pessoal do titular.<\/p>\n\n\n\n<p>Considerando que os dados pessoais sens\u00edveis podem oferecer maior dano ao Titular em caso de incidentes, \u00e9 imprescind\u00edvel que a an\u00e1lise desse risco &#8211; bem como os procedimentos de mitiga\u00e7\u00e3o de riscos &#8211; estejam no Relat\u00f3rio de Impacto.<\/p>\n\n\n\n<h2 class=\"wp-block-heading\"><strong>Checklist para os itens essenciais de um Relat\u00f3rio de Impacto &#8211; RIPD<\/strong><\/h2>\n\n\n\n<p>O conte\u00fado do RIPD ir\u00e1 depender de cada modelo de neg\u00f3cios, do prop\u00f3sito da coleta de dados e da forma que ser\u00e3o tratados.<\/p>\n\n\n\n<p>No entanto, a base de um Relat\u00f3rio de Impacto deve conter pelo menos:<\/p>\n\n\n\n<ol class=\"wp-block-list\">\n<li>a descri\u00e7\u00e3o dos tipos de dados coletados;<\/li>\n\n\n\n<li>a metodologia utilizada para a coleta e para a garantia da seguran\u00e7a das informa\u00e7\u00f5es;<\/li>\n\n\n\n<li>a an\u00e1lise do controlador com rela\u00e7\u00e3o a medidas;<\/li>\n\n\n\n<li>salvaguardas e mecanismos de mitiga\u00e7\u00e3o de risco adotados.<\/li>\n<\/ol>\n\n\n\n<p>Para um relat\u00f3rio completo, \u00e9 importante observar a natureza antecipat\u00f3ria do RIPD, que deve ser orientado para analisar o poss\u00edvel surgimento de incidente,\u00a0<strong>demonstrando o que \u00e9 feito para evit\u00e1-los e as solu\u00e7\u00f5es para eventuais problemas<\/strong>.<\/p>\n\n\n\n<p>Depois desse checklist ficou mais f\u00e1cil entender o que \u00e9 o tal Relat\u00f3rio de Impacto \u00e0 Prote\u00e7\u00e3o de Dados Pessoais, n\u00e3o \u00e9 mesmo?<\/p>\n\n\n\n<p>Se tiver d\u00favidas, <a href=\"https:\/\/api.whatsapp.com\/send?phone=5511992633247&amp;text=Ol%C3%A1,%20li%20o%20artigo%20%22O%20que%20%C3%A9%20o%20Relat%C3%B3rio%20de%20Impacto%20%C3%A0%20Prote%C3%A7%C3%A3o%20dos%20Dados%20Pessoais?%22%20e%20quero%20falar%20com%20o%20time%20SAFIE.\">pode contatar o nosso time<\/a>.<\/p>\n\n\n\n<hr class=\"wp-block-separator has-css-opacity\"\/>\n","protected":false},"excerpt":{"rendered":"<p>Neste artigo vamos te explicar o que \u00e9 e qual a finalidade do Relat\u00f3rio de Impacto \u00e0 Prote\u00e7\u00e3o de Dados Pessoais &#8211; RIPD e porque ele \u00e9 importante para sua empresa.<\/p>\n","protected":false},"author":5,"featured_media":8237,"comment_status":"open","ping_status":"open","sticky":false,"template":"","format":"standard","meta":{"footnotes":""},"categories":[171],"tags":[45,46,51,88,92,114],"class_list":["post-6064","post","type-post","status-publish","format-standard","has-post-thumbnail","hentry","category-lgpd","tag-dados-pessoais","tag-dados-sensiveis","tag-empresa","tag-juridico","tag-lgpd","tag-protecao"],"yoast_head":"<!-- This site is optimized with the Yoast SEO plugin v27.5 - https:\/\/yoast.com\/product\/yoast-seo-wordpress\/ -->\n<title>O que \u00e9 o Relat\u00f3rio de Impacto \u00e0 Prote\u00e7\u00e3o dos Dados Pessoais?<\/title>\n<meta name=\"description\" content=\"O que \u00e9 e qual a finalidade do Relat\u00f3rio de Impacto \u00e0 Prote\u00e7\u00e3o de Dados Pessoais - RIPD e a import\u00e2ncia para sua empresa.\" \/>\n<meta name=\"robots\" content=\"index, follow, max-snippet:-1, max-image-preview:large, max-video-preview:-1\" \/>\n<link rel=\"canonical\" href=\"https:\/\/blog.safie.com.br\/?p=6064\" \/>\n<meta property=\"og:locale\" content=\"pt_BR\" \/>\n<meta property=\"og:type\" content=\"article\" \/>\n<meta property=\"og:title\" content=\"O que \u00e9 o Relat\u00f3rio de Impacto \u00e0 Prote\u00e7\u00e3o dos Dados Pessoais?\" \/>\n<meta property=\"og:description\" content=\"O que \u00e9 e qual a finalidade do Relat\u00f3rio de Impacto \u00e0 Prote\u00e7\u00e3o de Dados Pessoais - RIPD e a import\u00e2ncia para sua empresa.\" \/>\n<meta property=\"og:url\" content=\"https:\/\/blog.safie.com.br\/?p=6064\" \/>\n<meta property=\"og:site_name\" content=\"SAFIE\" \/>\n<meta property=\"article:published_time\" content=\"2022-05-04T13:18:00+00:00\" \/>\n<meta property=\"article:modified_time\" content=\"2023-01-18T13:31:32+00:00\" \/>\n<meta property=\"og:image\" content=\"https:\/\/blog.safie.com.br\/wp-content\/uploads\/2022\/05\/CAPA-ARTIGOS-BLOG-25-1024x683.png\" \/>\n\t<meta property=\"og:image:width\" content=\"1024\" \/>\n\t<meta property=\"og:image:height\" content=\"683\" \/>\n\t<meta property=\"og:image:type\" content=\"image\/png\" \/>\n<meta name=\"author\" content=\"SAFIE\" \/>\n<meta name=\"twitter:card\" content=\"summary_large_image\" \/>\n<meta name=\"twitter:label1\" content=\"Escrito por\" \/>\n\t<meta name=\"twitter:data1\" content=\"SAFIE\" \/>\n\t<meta name=\"twitter:label2\" content=\"Est. tempo de leitura\" \/>\n\t<meta name=\"twitter:data2\" content=\"5 minutos\" \/>\n<script type=\"application\/ld+json\" class=\"yoast-schema-graph\">{\"@context\":\"https:\\\/\\\/schema.org\",\"@graph\":[{\"@type\":\"Article\",\"@id\":\"https:\\\/\\\/blog.safie.com.br\\\/?p=6064#article\",\"isPartOf\":{\"@id\":\"https:\\\/\\\/blog.safie.com.br\\\/?p=6064\"},\"author\":{\"name\":\"SAFIE\",\"@id\":\"https:\\\/\\\/blog.safie.com.br\\\/#\\\/schema\\\/person\\\/d3c141139ca99338d2504b7e7886c5bd\"},\"headline\":\"O que \u00e9 o Relat\u00f3rio de Impacto \u00e0 Prote\u00e7\u00e3o dos Dados Pessoais?\",\"datePublished\":\"2022-05-04T13:18:00+00:00\",\"dateModified\":\"2023-01-18T13:31:32+00:00\",\"mainEntityOfPage\":{\"@id\":\"https:\\\/\\\/blog.safie.com.br\\\/?p=6064\"},\"wordCount\":962,\"commentCount\":0,\"publisher\":{\"@id\":\"https:\\\/\\\/blog.safie.com.br\\\/#organization\"},\"image\":{\"@id\":\"https:\\\/\\\/blog.safie.com.br\\\/?p=6064#primaryimage\"},\"thumbnailUrl\":\"https:\\\/\\\/blog.safie.com.br\\\/wp-content\\\/uploads\\\/2022\\\/05\\\/CAPA-ARTIGOS-BLOG-25.png\",\"keywords\":[\"dados pessoais\",\"dados sens\u00edveis\",\"empresa\",\"jur\u00eddico\",\"LGPD\",\"prote\u00e7\u00e3o\"],\"articleSection\":[\"LGPD e Privacidade\"],\"inLanguage\":\"pt-BR\",\"potentialAction\":[{\"@type\":\"CommentAction\",\"name\":\"Comment\",\"target\":[\"https:\\\/\\\/blog.safie.com.br\\\/?p=6064#respond\"]}]},{\"@type\":\"WebPage\",\"@id\":\"https:\\\/\\\/blog.safie.com.br\\\/?p=6064\",\"url\":\"https:\\\/\\\/blog.safie.com.br\\\/?p=6064\",\"name\":\"O que \u00e9 o Relat\u00f3rio de Impacto \u00e0 Prote\u00e7\u00e3o dos Dados Pessoais?\",\"isPartOf\":{\"@id\":\"https:\\\/\\\/blog.safie.com.br\\\/#website\"},\"primaryImageOfPage\":{\"@id\":\"https:\\\/\\\/blog.safie.com.br\\\/?p=6064#primaryimage\"},\"image\":{\"@id\":\"https:\\\/\\\/blog.safie.com.br\\\/?p=6064#primaryimage\"},\"thumbnailUrl\":\"https:\\\/\\\/blog.safie.com.br\\\/wp-content\\\/uploads\\\/2022\\\/05\\\/CAPA-ARTIGOS-BLOG-25.png\",\"datePublished\":\"2022-05-04T13:18:00+00:00\",\"dateModified\":\"2023-01-18T13:31:32+00:00\",\"description\":\"O que \u00e9 e qual a finalidade do Relat\u00f3rio de Impacto \u00e0 Prote\u00e7\u00e3o de Dados Pessoais - RIPD e a import\u00e2ncia para sua empresa.\",\"breadcrumb\":{\"@id\":\"https:\\\/\\\/blog.safie.com.br\\\/?p=6064#breadcrumb\"},\"inLanguage\":\"pt-BR\",\"potentialAction\":[{\"@type\":\"ReadAction\",\"target\":[\"https:\\\/\\\/blog.safie.com.br\\\/?p=6064\"]}]},{\"@type\":\"ImageObject\",\"inLanguage\":\"pt-BR\",\"@id\":\"https:\\\/\\\/blog.safie.com.br\\\/?p=6064#primaryimage\",\"url\":\"https:\\\/\\\/blog.safie.com.br\\\/wp-content\\\/uploads\\\/2022\\\/05\\\/CAPA-ARTIGOS-BLOG-25.png\",\"contentUrl\":\"https:\\\/\\\/blog.safie.com.br\\\/wp-content\\\/uploads\\\/2022\\\/05\\\/CAPA-ARTIGOS-BLOG-25.png\",\"width\":1920,\"height\":1280},{\"@type\":\"BreadcrumbList\",\"@id\":\"https:\\\/\\\/blog.safie.com.br\\\/?p=6064#breadcrumb\",\"itemListElement\":[{\"@type\":\"ListItem\",\"position\":1,\"name\":\"In\u00edcio\",\"item\":\"https:\\\/\\\/blog.safie.com.br\\\/\"},{\"@type\":\"ListItem\",\"position\":2,\"name\":\"O que \u00e9 o Relat\u00f3rio de Impacto \u00e0 Prote\u00e7\u00e3o dos Dados Pessoais?\"}]},{\"@type\":\"WebSite\",\"@id\":\"https:\\\/\\\/blog.safie.com.br\\\/#website\",\"url\":\"https:\\\/\\\/blog.safie.com.br\\\/\",\"name\":\"safei.com.br\",\"description\":\"Jur\u00eddico para empresas\",\"publisher\":{\"@id\":\"https:\\\/\\\/blog.safie.com.br\\\/#organization\"},\"potentialAction\":[{\"@type\":\"SearchAction\",\"target\":{\"@type\":\"EntryPoint\",\"urlTemplate\":\"https:\\\/\\\/blog.safie.com.br\\\/?s={search_term_string}\"},\"query-input\":{\"@type\":\"PropertyValueSpecification\",\"valueRequired\":true,\"valueName\":\"search_term_string\"}}],\"inLanguage\":\"pt-BR\"},{\"@type\":\"Organization\",\"@id\":\"https:\\\/\\\/blog.safie.com.br\\\/#organization\",\"name\":\"SAFIE\",\"url\":\"https:\\\/\\\/blog.safie.com.br\\\/\",\"logo\":{\"@type\":\"ImageObject\",\"inLanguage\":\"pt-BR\",\"@id\":\"https:\\\/\\\/blog.safie.com.br\\\/#\\\/schema\\\/logo\\\/image\\\/\",\"url\":\"https:\\\/\\\/blog.safie.com.br\\\/wp-content\\\/uploads\\\/2025\\\/03\\\/cropped-2-1.webp\",\"contentUrl\":\"https:\\\/\\\/blog.safie.com.br\\\/wp-content\\\/uploads\\\/2025\\\/03\\\/cropped-2-1.webp\",\"width\":1743,\"height\":497,\"caption\":\"SAFIE\"},\"image\":{\"@id\":\"https:\\\/\\\/blog.safie.com.br\\\/#\\\/schema\\\/logo\\\/image\\\/\"}},{\"@type\":\"Person\",\"@id\":\"https:\\\/\\\/blog.safie.com.br\\\/#\\\/schema\\\/person\\\/d3c141139ca99338d2504b7e7886c5bd\",\"name\":\"SAFIE\",\"image\":{\"@type\":\"ImageObject\",\"inLanguage\":\"pt-BR\",\"@id\":\"https:\\\/\\\/blog.safie.com.br\\\/wp-content\\\/litespeed\\\/avatar\\\/77acb39bfadb4795da4a74fbdf4fccfa.jpg?ver=1777520002\",\"url\":\"https:\\\/\\\/blog.safie.com.br\\\/wp-content\\\/litespeed\\\/avatar\\\/77acb39bfadb4795da4a74fbdf4fccfa.jpg?ver=1777520002\",\"contentUrl\":\"https:\\\/\\\/blog.safie.com.br\\\/wp-content\\\/litespeed\\\/avatar\\\/77acb39bfadb4795da4a74fbdf4fccfa.jpg?ver=1777520002\",\"caption\":\"SAFIE\"},\"url\":\"https:\\\/\\\/blog.safie.com.br\\\/?author=5\"}]}<\/script>\n<!-- \/ Yoast SEO plugin. -->","yoast_head_json":{"title":"O que \u00e9 o Relat\u00f3rio de Impacto \u00e0 Prote\u00e7\u00e3o dos Dados Pessoais?","description":"O que \u00e9 e qual a finalidade do Relat\u00f3rio de Impacto \u00e0 Prote\u00e7\u00e3o de Dados Pessoais - RIPD e a import\u00e2ncia para sua empresa.","robots":{"index":"index","follow":"follow","max-snippet":"max-snippet:-1","max-image-preview":"max-image-preview:large","max-video-preview":"max-video-preview:-1"},"canonical":"https:\/\/blog.safie.com.br\/?p=6064","og_locale":"pt_BR","og_type":"article","og_title":"O que \u00e9 o Relat\u00f3rio de Impacto \u00e0 Prote\u00e7\u00e3o dos Dados Pessoais?","og_description":"O que \u00e9 e qual a finalidade do Relat\u00f3rio de Impacto \u00e0 Prote\u00e7\u00e3o de Dados Pessoais - RIPD e a import\u00e2ncia para sua empresa.","og_url":"https:\/\/blog.safie.com.br\/?p=6064","og_site_name":"SAFIE","article_published_time":"2022-05-04T13:18:00+00:00","article_modified_time":"2023-01-18T13:31:32+00:00","og_image":[{"width":1024,"height":683,"url":"https:\/\/blog.safie.com.br\/wp-content\/uploads\/2022\/05\/CAPA-ARTIGOS-BLOG-25-1024x683.png","type":"image\/png"}],"author":"SAFIE","twitter_card":"summary_large_image","twitter_misc":{"Escrito por":"SAFIE","Est. tempo de leitura":"5 minutos"},"schema":{"@context":"https:\/\/schema.org","@graph":[{"@type":"Article","@id":"https:\/\/blog.safie.com.br\/?p=6064#article","isPartOf":{"@id":"https:\/\/blog.safie.com.br\/?p=6064"},"author":{"name":"SAFIE","@id":"https:\/\/blog.safie.com.br\/#\/schema\/person\/d3c141139ca99338d2504b7e7886c5bd"},"headline":"O que \u00e9 o Relat\u00f3rio de Impacto \u00e0 Prote\u00e7\u00e3o dos Dados Pessoais?","datePublished":"2022-05-04T13:18:00+00:00","dateModified":"2023-01-18T13:31:32+00:00","mainEntityOfPage":{"@id":"https:\/\/blog.safie.com.br\/?p=6064"},"wordCount":962,"commentCount":0,"publisher":{"@id":"https:\/\/blog.safie.com.br\/#organization"},"image":{"@id":"https:\/\/blog.safie.com.br\/?p=6064#primaryimage"},"thumbnailUrl":"https:\/\/blog.safie.com.br\/wp-content\/uploads\/2022\/05\/CAPA-ARTIGOS-BLOG-25.png","keywords":["dados pessoais","dados sens\u00edveis","empresa","jur\u00eddico","LGPD","prote\u00e7\u00e3o"],"articleSection":["LGPD e Privacidade"],"inLanguage":"pt-BR","potentialAction":[{"@type":"CommentAction","name":"Comment","target":["https:\/\/blog.safie.com.br\/?p=6064#respond"]}]},{"@type":"WebPage","@id":"https:\/\/blog.safie.com.br\/?p=6064","url":"https:\/\/blog.safie.com.br\/?p=6064","name":"O que \u00e9 o Relat\u00f3rio de Impacto \u00e0 Prote\u00e7\u00e3o dos Dados Pessoais?","isPartOf":{"@id":"https:\/\/blog.safie.com.br\/#website"},"primaryImageOfPage":{"@id":"https:\/\/blog.safie.com.br\/?p=6064#primaryimage"},"image":{"@id":"https:\/\/blog.safie.com.br\/?p=6064#primaryimage"},"thumbnailUrl":"https:\/\/blog.safie.com.br\/wp-content\/uploads\/2022\/05\/CAPA-ARTIGOS-BLOG-25.png","datePublished":"2022-05-04T13:18:00+00:00","dateModified":"2023-01-18T13:31:32+00:00","description":"O que \u00e9 e qual a finalidade do Relat\u00f3rio de Impacto \u00e0 Prote\u00e7\u00e3o de Dados Pessoais - RIPD e a import\u00e2ncia para sua empresa.","breadcrumb":{"@id":"https:\/\/blog.safie.com.br\/?p=6064#breadcrumb"},"inLanguage":"pt-BR","potentialAction":[{"@type":"ReadAction","target":["https:\/\/blog.safie.com.br\/?p=6064"]}]},{"@type":"ImageObject","inLanguage":"pt-BR","@id":"https:\/\/blog.safie.com.br\/?p=6064#primaryimage","url":"https:\/\/blog.safie.com.br\/wp-content\/uploads\/2022\/05\/CAPA-ARTIGOS-BLOG-25.png","contentUrl":"https:\/\/blog.safie.com.br\/wp-content\/uploads\/2022\/05\/CAPA-ARTIGOS-BLOG-25.png","width":1920,"height":1280},{"@type":"BreadcrumbList","@id":"https:\/\/blog.safie.com.br\/?p=6064#breadcrumb","itemListElement":[{"@type":"ListItem","position":1,"name":"In\u00edcio","item":"https:\/\/blog.safie.com.br\/"},{"@type":"ListItem","position":2,"name":"O que \u00e9 o Relat\u00f3rio de Impacto \u00e0 Prote\u00e7\u00e3o dos Dados Pessoais?"}]},{"@type":"WebSite","@id":"https:\/\/blog.safie.com.br\/#website","url":"https:\/\/blog.safie.com.br\/","name":"safei.com.br","description":"Jur\u00eddico para empresas","publisher":{"@id":"https:\/\/blog.safie.com.br\/#organization"},"potentialAction":[{"@type":"SearchAction","target":{"@type":"EntryPoint","urlTemplate":"https:\/\/blog.safie.com.br\/?s={search_term_string}"},"query-input":{"@type":"PropertyValueSpecification","valueRequired":true,"valueName":"search_term_string"}}],"inLanguage":"pt-BR"},{"@type":"Organization","@id":"https:\/\/blog.safie.com.br\/#organization","name":"SAFIE","url":"https:\/\/blog.safie.com.br\/","logo":{"@type":"ImageObject","inLanguage":"pt-BR","@id":"https:\/\/blog.safie.com.br\/#\/schema\/logo\/image\/","url":"https:\/\/blog.safie.com.br\/wp-content\/uploads\/2025\/03\/cropped-2-1.webp","contentUrl":"https:\/\/blog.safie.com.br\/wp-content\/uploads\/2025\/03\/cropped-2-1.webp","width":1743,"height":497,"caption":"SAFIE"},"image":{"@id":"https:\/\/blog.safie.com.br\/#\/schema\/logo\/image\/"}},{"@type":"Person","@id":"https:\/\/blog.safie.com.br\/#\/schema\/person\/d3c141139ca99338d2504b7e7886c5bd","name":"SAFIE","image":{"@type":"ImageObject","inLanguage":"pt-BR","@id":"https:\/\/blog.safie.com.br\/wp-content\/litespeed\/avatar\/77acb39bfadb4795da4a74fbdf4fccfa.jpg?ver=1777520002","url":"https:\/\/blog.safie.com.br\/wp-content\/litespeed\/avatar\/77acb39bfadb4795da4a74fbdf4fccfa.jpg?ver=1777520002","contentUrl":"https:\/\/blog.safie.com.br\/wp-content\/litespeed\/avatar\/77acb39bfadb4795da4a74fbdf4fccfa.jpg?ver=1777520002","caption":"SAFIE"},"url":"https:\/\/blog.safie.com.br\/?author=5"}]}},"_links":{"self":[{"href":"https:\/\/blog.safie.com.br\/index.php?rest_route=\/wp\/v2\/posts\/6064","targetHints":{"allow":["GET"]}}],"collection":[{"href":"https:\/\/blog.safie.com.br\/index.php?rest_route=\/wp\/v2\/posts"}],"about":[{"href":"https:\/\/blog.safie.com.br\/index.php?rest_route=\/wp\/v2\/types\/post"}],"author":[{"embeddable":true,"href":"https:\/\/blog.safie.com.br\/index.php?rest_route=\/wp\/v2\/users\/5"}],"replies":[{"embeddable":true,"href":"https:\/\/blog.safie.com.br\/index.php?rest_route=%2Fwp%2Fv2%2Fcomments&post=6064"}],"version-history":[{"count":0,"href":"https:\/\/blog.safie.com.br\/index.php?rest_route=\/wp\/v2\/posts\/6064\/revisions"}],"wp:featuredmedia":[{"embeddable":true,"href":"https:\/\/blog.safie.com.br\/index.php?rest_route=\/wp\/v2\/media\/8237"}],"wp:attachment":[{"href":"https:\/\/blog.safie.com.br\/index.php?rest_route=%2Fwp%2Fv2%2Fmedia&parent=6064"}],"wp:term":[{"taxonomy":"category","embeddable":true,"href":"https:\/\/blog.safie.com.br\/index.php?rest_route=%2Fwp%2Fv2%2Fcategories&post=6064"},{"taxonomy":"post_tag","embeddable":true,"href":"https:\/\/blog.safie.com.br\/index.php?rest_route=%2Fwp%2Fv2%2Ftags&post=6064"}],"curies":[{"name":"wp","href":"https:\/\/api.w.org\/{rel}","templated":true}]}}