{"id":6053,"date":"2022-05-03T15:31:00","date_gmt":"2022-05-03T18:31:00","guid":{"rendered":"https:\/\/cmastartups.com.br\/?p=6053"},"modified":"2023-01-17T17:00:11","modified_gmt":"2023-01-17T20:00:11","slug":"nao-registrar-um-funcionario-a-bomba-que-voce-pode-desarmar","status":"publish","type":"post","link":"https:\/\/blog.safie.com.br\/?p=6053","title":{"rendered":"N\u00e3o registrar um funcion\u00e1rio: a bomba que voc\u00ea pode desarmar"},"content":{"rendered":"\n<p>Voc\u00ea tem uma bomba rel\u00f3gio dentro da sua empresa. Quando est\u00e1 conferindo o caixa ela est\u00e1 l\u00e1: tic tac. Quando atende o seu cliente, ela est\u00e1 l\u00e1: tic tac. Quando rep\u00f5e seu estoque, ela est\u00e1 l\u00e1: tic tac.<\/p>\n\n\n\n<p>Voc\u00ea pode ouvi-la, cada dia mais pr\u00f3xima de explodir. Voc\u00ea sabe o que tem de ser feito para desarm\u00e1-la, mas sempre adia essa decis\u00e3o dif\u00edcil.<\/p>\n\n\n\n<p>Recentemente, a bomba do dono de uma hamburgueria explodiu e eu entrei correndo para apagar o inc\u00eandio.<\/p>\n\n\n\n<p>Depois de 2 anos trabalhando sem carteira assinada, um ex-funcion\u00e1rio o processou. Pediu um valor que ultrapassou 3 anos de sal\u00e1rio.<\/p>\n\n\n\n<p>N\u00e3o registrar um funcion\u00e1rio \u00e9 uma bomba rel\u00f3gio, e&nbsp;<strong>voc\u00ea sabe<\/strong>&nbsp;que vai&nbsp;<strong>explodir assim que eles sa\u00edrem pela porta.<\/strong><\/p>\n\n\n\n<h2 class=\"wp-block-heading\"><strong>O que a lei diz sobre registrar um funcion\u00e1rio?<\/strong><\/h2>\n\n\n\n<p>A Lei \u00e9 clara, em um caso desses todos sabem o que vai acontecer e o que seu ex-funcion\u00e1rio deve fazer.<\/p>\n\n\n\n<h2 class=\"wp-block-heading\"><strong>Quanto tempo a empresa tem para registrar um funcion\u00e1rio?<\/strong><\/h2>\n\n\n\n<p>De acordo com o artigo&nbsp;<a rel=\"noreferrer noopener\" target=\"_blank\" href=\"http:\/\/www.planalto.gov.br\/ccivil_03\/decreto-lei\/del5452.htm#:~:text=Art.%203%C2%BA%20%2D%20Considera%2Dse,trabalho%20intelectual%2C%20t%C3%A9cnico%20e%20manual.\"><\/a><a href=\"https:\/\/www.jusbrasil.com.br\/topicos\/10762468\/artigo-29-do-decreto-lei-n-5452-de-01-de-maio-de-1943\">29<\/a>&nbsp;da&nbsp;<a href=\"https:\/\/www.jusbrasil.com.br\/legislacao\/111983249\/consolida%C3%A7%C3%A3o-das-leis-do-trabalho-decreto-lei-5452-43\">CLT<\/a>, o empregador ter\u00e1 o prazo de 5 (cinco) dias \u00fateis para anotar a contrata\u00e7\u00e3o, ou qualquer que seja a altera\u00e7\u00e3o, na CTPS, em rela\u00e7\u00e3o aos trabalhadores que admitir.<\/p>\n\n\n\n<p>Essa anota\u00e7\u00e3o deve conter:<\/p>\n\n\n\n<ul class=\"wp-block-list\">\n<li>a data de admiss\u00e3o;<\/li>\n\n\n\n<li>a remunera\u00e7\u00e3o; e<\/li>\n\n\n\n<li>as condi\u00e7\u00f5es especiais de trabalho, se houver.<\/li>\n<\/ul>\n\n\n\n<h2 class=\"wp-block-heading\"><strong>Quando o empregador deve assinar a carteira de trabalho para registrar um funcion\u00e1rio?<\/strong><\/h2>\n\n\n\n<p>Considera-se empregado toda pessoa f\u00edsica que prestar servi\u00e7os de natureza n\u00e3o eventual ao empregador, sob a depend\u00eancia deste e mediante sal\u00e1rio.<\/p>\n\n\n\n<p>Como j\u00e1 ressaltado, o Empregador deve registrar, em at\u00e9 05 dias \u00fateis, todos os empregados \u00e0 sua disposi\u00e7\u00e3o.<\/p>\n\n\n\n<p>Ou seja, mesmo que seja contrato de experi\u00eancia, intermitente ou de qualquer outro tipo, se o funcion\u00e1rio&nbsp;<strong>estiver \u00e0 disposi\u00e7\u00e3o do empregador,&nbsp;<\/strong>este deve fazer o registro dentro do prazo.<\/p>\n\n\n\n<p>N\u00e3o existe qualquer vantagem em n\u00e3o registrar seus colaboradores, ainda mais se voc\u00ea est\u00e1 inscrito no Simples Nacional, onde seu \u00fanico custo trabalhista mensal \u00e9 o FGTS.<\/p>\n\n\n\n<p>J\u00e1 \u00e9 sua obriga\u00e7\u00e3o pagar f\u00e9rias, 13\u00ba sal\u00e1rio, vale-transporte, horas extras e adicionais. Ignorar isso pode te fazer pagar duas vezes, e at\u00e9 tirar do pr\u00f3prio bolso os benef\u00edcios federais, como aux\u00edlios do INSS e seguro desemprego.<\/p>\n\n\n\n<h2 class=\"wp-block-heading\"><strong>Quais s\u00e3o os riscos de n\u00e3o assinar a carteira de trabalho e n\u00e3o registrar um funcion\u00e1rio?<\/strong><\/h2>\n\n\n\n<p>Caso n\u00e3o haja o registro na CTPS o v\u00ednculo (a rela\u00e7\u00e3o empregador x empregado) pode ser verificado e reconhecido via uma a\u00e7\u00e3o trabalhista.<\/p>\n\n\n\n<p>N\u00e3o \u00e9 por que n\u00e3o h\u00e1 anota\u00e7\u00e3o na carteira ou contrato que o colaborador n\u00e3o \u00e9 empregado.<\/p>\n\n\n\n<p>Al\u00e9m das multas e de um passivo consider\u00e1vel, h\u00e1 tamb\u00e9m o risco do empregado requerer o pagamento de verbas que lhe foram pagas, afinal, o empregador n\u00e3o tinha qualquer registro de ter pago as obriga\u00e7\u00f5es trabalhistas e previdenci\u00e1rias.<\/p>\n\n\n\n<p><strong>Tudo deve estar registrado.&nbsp;<\/strong>O sal\u00e1rio, o registro de ponto, o pagamento de f\u00e9rias, 13\u00ba sal\u00e1rio, horas extras, etc&#8230; assim, mesmo que aconte\u00e7a um reconhecimento de v\u00ednculo o passivo a ser pago pode ser&nbsp;<strong>bem&nbsp;<\/strong>menor.<\/p>\n\n\n\n<h2 class=\"wp-block-heading\"><strong>Quando um v\u00ednculo trabalhista pode ser reconhecido?<\/strong><\/h2>\n\n\n\n<p>O v\u00ednculo, entre o trabalhador (pessoa f\u00edsica) e o empregador, pode ser reconhecido desde que haja:<\/p>\n\n\n\n<ul class=\"wp-block-list\">\n<li>habitualidade, h\u00e1 uma programa\u00e7\u00e3o entre os dois para trabalharem com ou sem tempo determinado;<\/li>\n\n\n\n<li>mediante sal\u00e1rio, a&nbsp;<em>famosa&nbsp;<\/em>onerosidade;<\/li>\n\n\n\n<li>pessoalidade, ou seja, quando o empregado n\u00e3o pode ser substitu\u00eddo por outra pessoa; e<\/li>\n\n\n\n<li>subordina\u00e7\u00e3o, quando o empregado deve obedecer seu empregador.<\/li>\n<\/ul>\n\n\n\n<h2 class=\"wp-block-heading\"><strong>O que prova o v\u00ednculo trabalhista?<\/strong><\/h2>\n\n\n\n<p>Existem diversos meios de prova para reconhecimento do v\u00ednculo, normalmente o ju\u00edz aceita:<\/p>\n\n\n\n<ul class=\"wp-block-list\">\n<li>depoimento de testemunhas;<\/li>\n\n\n\n<li>documentos, comunica\u00e7\u00f5es, fotos, etc, que o empregado juntou durante a presta\u00e7\u00e3o dos servi\u00e7os;<\/li>\n\n\n\n<li>ou por fiscaliza\u00e7\u00e3o do Minist\u00e9rio do Trabalho e Emprego.<\/li>\n<\/ul>\n\n\n\n<p>\u201cMas \u00edtalo n\u00e3o tinha contrato, s\u00f3 de boca, ou havia contrato de PJ.\u201d<\/p>\n\n\n\n<p>Como j\u00e1 vimos, presentes os requisitos acima, n\u00e3o h\u00e1 a necessidade de contrato como&nbsp;<a href=\"https:\/\/www.jusbrasil.com.br\/legislacao\/111983249\/consolida%C3%A7%C3%A3o-das-leis-do-trabalho-decreto-lei-5452-43\">CLT<\/a>&nbsp;ou qualquer que seja o contrato, h\u00e1 o v\u00ednculo que ser\u00e1 reconhecido pela justi\u00e7a do trabalho, esse \u00e9 um fato que voc\u00ea deve botar na conta.<\/p>\n\n\n\n<p>Isso acontece, pois no direito do trabalho h\u00e1 o princ\u00edpio da primazia da realidade sobre a forma, importa o que o tribunal reconhece como realidade naquele caso concreto, independente de documenta\u00e7\u00e3o.<\/p>\n\n\n\n<h2 class=\"wp-block-heading\"><strong>Quais as consequ\u00eancias de n\u00e3o registrar um funcion\u00e1rio?<\/strong><\/h2>\n\n\n\n<p>Como normalmente n\u00e3o h\u00e1 registro, o empregado entra na justi\u00e7a pedindo absolutamente tudo. A empresa pode ter de pagar:<\/p>\n\n\n\n<ul class=\"wp-block-list\">\n<li>sal\u00e1rios;<\/li>\n\n\n\n<li>f\u00e9rias;<\/li>\n\n\n\n<li>13\u00ba sal\u00e1rio;<\/li>\n\n\n\n<li>vale-transporte;<\/li>\n\n\n\n<li>horas extras;<\/li>\n\n\n\n<li>Adicionais (noturno, insalubridade e periculosidade);<\/li>\n\n\n\n<li>benef\u00edcios federais, aux\u00edlios, inclusive o desemprego (\u00c9 justamente sobre isso a S\u00famula 389 do TST); e<\/li>\n\n\n\n<li>PIS, conforme Lei 07\/1970;<\/li>\n<\/ul>\n\n\n\n<p>Por exemplo, se existir a necessidade, a empresa pode ter de arcar com aux\u00edlio-doen\u00e7a, aux\u00edlio-maternidade ou aux\u00edlio-doen\u00e7a acident\u00e1rio, uma vez que n\u00e3o recolheu quando e como deveria.<\/p>\n\n\n\n<p>Isso sem contar com o que fica determinado nas conven\u00e7\u00f5es trabalhistas, em que a empresa, descumprindo o determinado nos acordos da categoria, deve pagar o exigido e ainda indenizar o funcion\u00e1rio.<\/p>\n\n\n\n<h3 class=\"wp-block-heading\"><strong>Outra consequ\u00eancia de n\u00e3o registrar um funcion\u00e1rio s\u00e3o as san\u00e7\u00f5es administrativas.<\/strong><\/h3>\n\n\n\n<p>Caso as autoridades fiscalizadoras percebam alguma irregularidade no registro dos empregados, ou a inexist\u00eancia deles, podem aplicar o Termo de Compromisso de Ajustamento de Conduta (TAC), para que a empresa passe a cumprir a lei corretamente.<\/p>\n\n\n\n<p>Ap\u00f3s apurada a irregularidade, a empresa n\u00e3o consegue as certid\u00f5es negativas. Essas s\u00e3o exigidas por investidores, munic\u00edpios, estados e o governo federal, para contrata\u00e7\u00f5es, al\u00e9m de bancos que as exigem para empr\u00e9stimos.<\/p>\n\n\n\n<h2 class=\"wp-block-heading\"><strong>Qual \u00e9 a multa por n\u00e3o assinar a carteira de trabalho e n\u00e3o registrar um funcion\u00e1rio?<\/strong><\/h2>\n\n\n\n<p>A Reforma Trabalhista (<a rel=\"noreferrer noopener\" target=\"_blank\" href=\"http:\/\/www.planalto.gov.br\/ccivil_03\/_ato2015-2018\/2017\/lei\/l13467.htm\">Lei 13.467\/2017<\/a>) elevou o valor determinado no art.&nbsp;<a href=\"https:\/\/www.jusbrasil.com.br\/topicos\/10760862\/artigo-47-do-decreto-lei-n-5452-de-01-de-maio-de-1943\">47<\/a>&nbsp;da&nbsp;<a href=\"https:\/\/www.jusbrasil.com.br\/legislacao\/111983249\/consolida%C3%A7%C3%A3o-das-leis-do-trabalho-decreto-lei-5452-43\">CLT<\/a>, para aquele empregador que n\u00e3o registra seus funcion\u00e1rios, agora os valores s\u00e3o:<\/p>\n\n\n\n<ul class=\"wp-block-list\">\n<li>R$ 3.000,00 (tr\u00eas mil reais) por empregado n\u00e3o registrado, acrescido de igual valor em cada reincid\u00eancia.<\/li>\n\n\n\n<li>R$ 800,00 (oitocentos reais) por empregado, em caso de microempresa ou empresa de pequeno porte.<\/li>\n<\/ul>\n\n\n\n<p>Caso faltem anota\u00e7\u00f5es na carteira, seja de jornada de trabalho, qualifica\u00e7\u00e3o, adicionais, etc, o mesmo artigo determina uma multa de R$ 600,00 (seiscentos reais) por empregado prejudicado.<\/p>\n\n\n\n<p>Al\u00e9m disso, considera-se falsidade anotar, na Carteira de Trabalho e Previd\u00eancia Social ou no registro de empregado, data de admiss\u00e3o no emprego diversa da verdadeira.<\/p>\n\n\n\n<h2 class=\"wp-block-heading\"><strong>J\u00e1 imaginou? R$ 3.000,00 de multa por cada funcion\u00e1rio n\u00e3o registrado?<\/strong><\/h2>\n\n\n\n<p>No caso de meu cliente, entramos correndo no processo e asseguramos que ele pagasse menos de \u2153 do que o ex funcion\u00e1rio pleiteava, mas isto porque fizemos um acordo utilizando nossa experi\u00eancia em negocia\u00e7\u00f5es.<\/p>\n\n\n\n<p>Esse \u00e9 nosso trabalho: apagar inc\u00eandios.<\/p>\n\n\n\n<p>Mas o ideal \u00e9 que eles nunca comecem, assim, desarmar essa bomba \u00e9 a melhor coisa que voc\u00ea pode fazer.<\/p>\n\n\n\n<h2 class=\"wp-block-heading\"><strong>Como regularizar um empregado que n\u00e3o teve a carteira assinada?<\/strong><\/h2>\n\n\n\n<p>Essa opera\u00e7\u00e3o \u00e9 muito delicada e varia caso a caso, por isso o ideal \u00e9 consultar um advogado para entender como proceder. Mas no geral, voc\u00ea tem duas op\u00e7\u00f5es:<\/p>\n\n\n\n<ul class=\"wp-block-list\">\n<li>Desarmar a bomba, ou seja, fazer um registro retroativo.\n<ul class=\"wp-block-list\">\n<li>Nessa voc\u00ea registra retroativamente seu funcion\u00e1rio e vai pagar, para ele e para o governo, tudo o que n\u00e3o foi pago nos \u00faltimos meses<\/li>\n\n\n\n<li>Al\u00e9m disso, voc\u00ea provavelmente ter\u00e1 de pagar multas administrativas por n\u00e3o ter recolhido FGTS e outras contribui\u00e7\u00f5es, al\u00e9m de n\u00e3o ter comunicado a contrata\u00e7\u00e3o, outra obriga\u00e7\u00e3o do empregador.<\/li>\n<\/ul>\n<\/li>\n\n\n\n<li>Colocar a bomba em uma caixa e se preparar para a explos\u00e3o.\n<ul class=\"wp-block-list\">\n<li>Nesse caso voc\u00ea deve fazer uma prepara\u00e7\u00e3o financeira, calcular aproximadamente quanto deveria realizar de pagamentos para o empregado e come\u00e7ar a poupar esse valor todo m\u00eas.<\/li>\n\n\n\n<li>Nessa conta deve ser incluso aquilo que voc\u00ea deveria ter pago.<\/li>\n\n\n\n<li>Fazer os pagamentos via transfer\u00eancia ou dep\u00f3sito banc\u00e1rio te ajuda a ter uma comprova\u00e7\u00e3o do que pagou, isso diminui seu passivo trabalhista.<\/li>\n<\/ul>\n<\/li>\n<\/ul>\n\n\n\n<p>Vamos por partes.<\/p>\n\n\n\n<h2 class=\"wp-block-heading\"><strong>Como fazer um registro retroativo?<\/strong><\/h2>\n\n\n\n<p>A Legisla\u00e7\u00e3o n\u00e3o trata dessa hip\u00f3tese. O Empregador deve pagar absolutamente tudo o que deve ao empregado, se preparar para pagar poss\u00edveis multas resultantes dessa irregularidade.<\/p>\n\n\n\n<p>Pagando tudo, pode ser que voc\u00ea se livre de uma reclama\u00e7\u00e3o trabalhista, que te daria provavelmente ainda mais gastos, considerando honor\u00e1rios advocat\u00edcios, custas e etc.<\/p>\n\n\n\n<h2 class=\"wp-block-heading\"><strong>Como se preparar para processos trabalhistas?<\/strong><\/h2>\n\n\n\n<p>Digamos que voc\u00ea opte pela&nbsp;<em>op\u00e7\u00e3o<\/em>&nbsp;2 e n\u00e3o registre seu funcion\u00e1rio. Caso voc\u00ea seja processado e o juiz reconhe\u00e7a o v\u00ednculo voc\u00ea ser\u00e1 condenado a anotar, retroativamente, a carteira de trabalho e:<\/p>\n\n\n\n<ul class=\"wp-block-list\">\n<li>recolher o INSS e FGTS de toda o v\u00ednculo;<\/li>\n\n\n\n<li>anotar a contrata\u00e7\u00e3o no registro de empregados;<\/li>\n\n\n\n<li>Pagamento dos reflexos no contracheque (<a rel=\"noreferrer noopener\" target=\"_blank\" href=\"https:\/\/www.jornalcontabil.com.br\/o-que-e-o-descanso-semanal-remunerado-dsr\/\">reflexos s\u00e3o as horas trabalhadas sobre o repouso, a depender da norma coletiva do sindicato da categoria<\/a>);<\/li>\n\n\n\n<li>pagar a condena\u00e7\u00e3o em honor\u00e1rios.<\/li>\n<\/ul>\n\n\n\n<p>Ou seja, n\u00e3o assinar a carteira de trabalho gera um <a href=\"https:\/\/safie.com.br\/5-praticas-para-reduzir-o-passivo-trabalhista-da-sua-empresa\/\">passivo trabalhista<\/a> gigantesco.<\/p>\n\n\n\n<h2 class=\"wp-block-heading\"><strong>O que \u00e9 passivo trabalhista?<\/strong><\/h2>\n\n\n\n<p>Toda obriga\u00e7\u00e3o trabalhista \u00e9 um passivo, algo que deve ser pago.\u00a0Passivos trabalhistas s\u00e3o todos os benef\u00edcios quantific\u00e1veis \u200b\u200bmonet\u00e1rios que um trabalhador obt\u00e9m com o tempo em uma empresa.<\/p>\n\n\n\n<p>\u00c9 muito importante quantificar corretamente quanto e o que deve ser pago, assim voc\u00ea consegue manter uma previsibilidade para sua empresa e n\u00e3o ter surpresas desagrad\u00e1veis que diminuem o seu lucro.<\/p>\n\n\n\n<p>Para voc\u00ea saber de fato quanto tem de passivo, e poder contingenciar esses valores, \u00e9 necess\u00e1rio um estudo atuarial, por isso escolha um bom contador que vai te ajudar a decifrar esse valor.<\/p>\n\n\n\n<h2 class=\"wp-block-heading\"><strong>Como calcular o passivo trabalhista?<\/strong><\/h2>\n\n\n\n<p>O passivo aumenta com o risco dele ser cobrado.<\/p>\n\n\n\n<p>Existem muitas incertezas quando a empresa assume essa posi\u00e7\u00e3o de risco, de n\u00e3o pagar exatamente o que deve, por isso esse risco deve ser avaliado com cuidado, assim voc\u00ea consegue estimar com mais precis\u00e3o quanto dever\u00e1 desembolsar no futuro.<\/p>\n\n\n\n<p>Chame seu contador, comece a calcular e todo m\u00eas guarde um valor para n\u00e3o ser pego de surpresa no futuro.<\/p>\n\n\n\n<h2 class=\"wp-block-heading\"><strong>Como diminuir o passivo trabalhista?<\/strong><\/h2>\n\n\n\n<h3 class=\"wp-block-heading\"><strong>Previna problemas trabalhistas<\/strong><\/h3>\n\n\n\n<p>O primeiro passo \u00e9 a preven\u00e7\u00e3o jur\u00eddica, voc\u00ea deve ter uma atitude preventiva quanto aos problemas que podem acontecer na sua empresa.&nbsp;<a rel=\"noreferrer noopener\" target=\"_blank\" href=\"https:\/\/www.xerpa.com.br\/blog\/passivo-trabalhista\/\">Seu RH deve estar 100%<\/a>&nbsp;por dentro dos direitos trabalhistas e das suas obriga\u00e7\u00f5es.<\/p>\n\n\n\n<p>Um escrit\u00f3rio de confian\u00e7a que pode ser consultado a qualquer momento vem BEM a calhar, assim voc\u00ea tem sempre um expert para te aconselhar ANTES de voc\u00ea precisar.<\/p>\n\n\n\n<h3 class=\"wp-block-heading\"><strong>Organize seus documentos e assine-os<\/strong><\/h3>\n\n\n\n<p>Tenha tudo organizado, assinado e por pastas, f\u00edsicas e digitais e por colaborador. Cada um dos colaboradores deve ter sua pr\u00f3pria pasta, com seus pr\u00f3prios documentos. Seja recibos ou contratos, todos os documentos deve ser f\u00e1ceis de achar e com um backup.<\/p>\n\n\n\n<p>A atualiza\u00e7\u00e3o dessas pastas deve ser mensal. Inclusive com listas de incidentes que devem ser mantidas em branco caso naquele m\u00eas em espec\u00edfico nada tenha acontecido. Lembre-se, organiza\u00e7\u00e3o \u00e9 profissionalismo.<\/p>\n\n\n\n<h2 class=\"wp-block-heading\"><strong>Agora voc\u00ea j\u00e1 tem tudo que precisa para desarmar essa bomba<\/strong>!<\/h2>\n\n\n\n<p>Bom, voc\u00ea deve ter percebido quem planta esse tipo de bomba na sua empresa, n\u00e3o \u00e9? Voc\u00ea mesmo.<\/p>\n\n\n\n<p>A decis\u00e3o \u00e9 sua se vai estar correto ou se vai se estressar com isso.<\/p>\n\n\n\n<p>Lembre-se que voc\u00ea j\u00e1 tem a obriga\u00e7\u00e3o de pagar seus empregados, por isso, n\u00e3o adianta adiar, uma hora a conta chega e ela pode ABALAR seu neg\u00f3cio.<\/p>\n\n\n\n<p>Se precisar, <a href=\"https:\/\/api.whatsapp.com\/send?phone=5511992633247&amp;text=Ol%C3%A1,%20li%20o%20artigo%20%22N%C3%A3o%20registrar%20um%20funcion%C3%A1rio%22%20e%20quero%20falar%20com%20o%20time%20SAFIE.%20\">entre em contato com nosso time<\/a>.<\/p>\n\n\n\n<hr class=\"wp-block-separator has-css-opacity\"\/>\n","protected":false},"excerpt":{"rendered":"<p>N\u00e3o registrar um funcion\u00e1rio \u00e9 uma bomba rel\u00f3gio, e\u00a0voc\u00ea sabe\u00a0que vai\u00a0explodir assim que eles sa\u00edrem pela porta.<\/p>\n","protected":false},"author":5,"featured_media":8194,"comment_status":"open","ping_status":"open","sticky":false,"template":"","format":"standard","meta":{"footnotes":""},"categories":[1],"tags":[29,68,118,152],"class_list":["post-6053","post","type-post","status-publish","format-standard","has-post-thumbnail","hentry","category-uncategorized","tag-clt","tag-funcionario","tag-registro","tag-trabalhista"],"yoast_head":"<!-- This site is optimized with the Yoast SEO plugin v27.5 - https:\/\/yoast.com\/product\/yoast-seo-wordpress\/ -->\n<title>N\u00e3o registrar um funcion\u00e1rio: a bomba que voc\u00ea pode desarmar<\/title>\n<meta name=\"description\" content=\"N\u00e3o registrar um funcion\u00e1rio \u00e9 uma bomba rel\u00f3gio, e\u00a0voc\u00ea sabe\u00a0que vai\u00a0explodir assim que eles sa\u00edrem pela porta.\" \/>\n<meta name=\"robots\" content=\"index, follow, max-snippet:-1, max-image-preview:large, max-video-preview:-1\" \/>\n<link rel=\"canonical\" href=\"https:\/\/blog.safie.com.br\/?p=6053\" \/>\n<meta property=\"og:locale\" content=\"pt_BR\" \/>\n<meta property=\"og:type\" content=\"article\" \/>\n<meta property=\"og:title\" content=\"N\u00e3o registrar um funcion\u00e1rio: a bomba que voc\u00ea pode desarmar\" \/>\n<meta property=\"og:description\" content=\"N\u00e3o registrar um funcion\u00e1rio \u00e9 uma bomba rel\u00f3gio, e\u00a0voc\u00ea sabe\u00a0que vai\u00a0explodir assim que eles sa\u00edrem pela porta.\" \/>\n<meta property=\"og:url\" content=\"https:\/\/blog.safie.com.br\/?p=6053\" \/>\n<meta property=\"og:site_name\" content=\"SAFIE\" \/>\n<meta property=\"article:published_time\" content=\"2022-05-03T18:31:00+00:00\" \/>\n<meta property=\"article:modified_time\" content=\"2023-01-17T20:00:11+00:00\" \/>\n<meta property=\"og:image\" content=\"https:\/\/blog.safie.com.br\/wp-content\/uploads\/2022\/05\/CAPA-ARTIGOS-BLOG-12-1024x683.png\" \/>\n\t<meta property=\"og:image:width\" content=\"1024\" \/>\n\t<meta property=\"og:image:height\" content=\"683\" \/>\n\t<meta property=\"og:image:type\" content=\"image\/png\" \/>\n<meta name=\"author\" content=\"SAFIE\" \/>\n<meta name=\"twitter:card\" content=\"summary_large_image\" \/>\n<meta name=\"twitter:label1\" content=\"Escrito por\" \/>\n\t<meta name=\"twitter:data1\" content=\"SAFIE\" \/>\n\t<meta name=\"twitter:label2\" content=\"Est. tempo de leitura\" \/>\n\t<meta name=\"twitter:data2\" content=\"10 minutos\" \/>\n<script type=\"application\/ld+json\" class=\"yoast-schema-graph\">{\"@context\":\"https:\\\/\\\/schema.org\",\"@graph\":[{\"@type\":\"Article\",\"@id\":\"https:\\\/\\\/blog.safie.com.br\\\/?p=6053#article\",\"isPartOf\":{\"@id\":\"https:\\\/\\\/blog.safie.com.br\\\/?p=6053\"},\"author\":{\"name\":\"SAFIE\",\"@id\":\"https:\\\/\\\/blog.safie.com.br\\\/#\\\/schema\\\/person\\\/d3c141139ca99338d2504b7e7886c5bd\"},\"headline\":\"N\u00e3o registrar um funcion\u00e1rio: a bomba que voc\u00ea pode desarmar\",\"datePublished\":\"2022-05-03T18:31:00+00:00\",\"dateModified\":\"2023-01-17T20:00:11+00:00\",\"mainEntityOfPage\":{\"@id\":\"https:\\\/\\\/blog.safie.com.br\\\/?p=6053\"},\"wordCount\":2000,\"commentCount\":0,\"publisher\":{\"@id\":\"https:\\\/\\\/blog.safie.com.br\\\/#organization\"},\"image\":{\"@id\":\"https:\\\/\\\/blog.safie.com.br\\\/?p=6053#primaryimage\"},\"thumbnailUrl\":\"https:\\\/\\\/blog.safie.com.br\\\/wp-content\\\/uploads\\\/2022\\\/05\\\/CAPA-ARTIGOS-BLOG-12.png\",\"keywords\":[\"CLT\",\"funcion\u00e1rio\",\"registro\",\"trabalhista\"],\"articleSection\":[\"Uncategorized\"],\"inLanguage\":\"pt-BR\",\"potentialAction\":[{\"@type\":\"CommentAction\",\"name\":\"Comment\",\"target\":[\"https:\\\/\\\/blog.safie.com.br\\\/?p=6053#respond\"]}]},{\"@type\":\"WebPage\",\"@id\":\"https:\\\/\\\/blog.safie.com.br\\\/?p=6053\",\"url\":\"https:\\\/\\\/blog.safie.com.br\\\/?p=6053\",\"name\":\"N\u00e3o registrar um funcion\u00e1rio: a bomba que voc\u00ea pode desarmar\",\"isPartOf\":{\"@id\":\"https:\\\/\\\/blog.safie.com.br\\\/#website\"},\"primaryImageOfPage\":{\"@id\":\"https:\\\/\\\/blog.safie.com.br\\\/?p=6053#primaryimage\"},\"image\":{\"@id\":\"https:\\\/\\\/blog.safie.com.br\\\/?p=6053#primaryimage\"},\"thumbnailUrl\":\"https:\\\/\\\/blog.safie.com.br\\\/wp-content\\\/uploads\\\/2022\\\/05\\\/CAPA-ARTIGOS-BLOG-12.png\",\"datePublished\":\"2022-05-03T18:31:00+00:00\",\"dateModified\":\"2023-01-17T20:00:11+00:00\",\"description\":\"N\u00e3o registrar um funcion\u00e1rio \u00e9 uma bomba rel\u00f3gio, e\u00a0voc\u00ea sabe\u00a0que vai\u00a0explodir assim que eles sa\u00edrem pela porta.\",\"breadcrumb\":{\"@id\":\"https:\\\/\\\/blog.safie.com.br\\\/?p=6053#breadcrumb\"},\"inLanguage\":\"pt-BR\",\"potentialAction\":[{\"@type\":\"ReadAction\",\"target\":[\"https:\\\/\\\/blog.safie.com.br\\\/?p=6053\"]}]},{\"@type\":\"ImageObject\",\"inLanguage\":\"pt-BR\",\"@id\":\"https:\\\/\\\/blog.safie.com.br\\\/?p=6053#primaryimage\",\"url\":\"https:\\\/\\\/blog.safie.com.br\\\/wp-content\\\/uploads\\\/2022\\\/05\\\/CAPA-ARTIGOS-BLOG-12.png\",\"contentUrl\":\"https:\\\/\\\/blog.safie.com.br\\\/wp-content\\\/uploads\\\/2022\\\/05\\\/CAPA-ARTIGOS-BLOG-12.png\",\"width\":1920,\"height\":1280},{\"@type\":\"BreadcrumbList\",\"@id\":\"https:\\\/\\\/blog.safie.com.br\\\/?p=6053#breadcrumb\",\"itemListElement\":[{\"@type\":\"ListItem\",\"position\":1,\"name\":\"In\u00edcio\",\"item\":\"https:\\\/\\\/blog.safie.com.br\\\/\"},{\"@type\":\"ListItem\",\"position\":2,\"name\":\"N\u00e3o registrar um funcion\u00e1rio: a bomba que voc\u00ea pode desarmar\"}]},{\"@type\":\"WebSite\",\"@id\":\"https:\\\/\\\/blog.safie.com.br\\\/#website\",\"url\":\"https:\\\/\\\/blog.safie.com.br\\\/\",\"name\":\"safei.com.br\",\"description\":\"Jur\u00eddico para empresas\",\"publisher\":{\"@id\":\"https:\\\/\\\/blog.safie.com.br\\\/#organization\"},\"potentialAction\":[{\"@type\":\"SearchAction\",\"target\":{\"@type\":\"EntryPoint\",\"urlTemplate\":\"https:\\\/\\\/blog.safie.com.br\\\/?s={search_term_string}\"},\"query-input\":{\"@type\":\"PropertyValueSpecification\",\"valueRequired\":true,\"valueName\":\"search_term_string\"}}],\"inLanguage\":\"pt-BR\"},{\"@type\":\"Organization\",\"@id\":\"https:\\\/\\\/blog.safie.com.br\\\/#organization\",\"name\":\"SAFIE\",\"url\":\"https:\\\/\\\/blog.safie.com.br\\\/\",\"logo\":{\"@type\":\"ImageObject\",\"inLanguage\":\"pt-BR\",\"@id\":\"https:\\\/\\\/blog.safie.com.br\\\/#\\\/schema\\\/logo\\\/image\\\/\",\"url\":\"https:\\\/\\\/blog.safie.com.br\\\/wp-content\\\/uploads\\\/2025\\\/03\\\/cropped-2-1.webp\",\"contentUrl\":\"https:\\\/\\\/blog.safie.com.br\\\/wp-content\\\/uploads\\\/2025\\\/03\\\/cropped-2-1.webp\",\"width\":1743,\"height\":497,\"caption\":\"SAFIE\"},\"image\":{\"@id\":\"https:\\\/\\\/blog.safie.com.br\\\/#\\\/schema\\\/logo\\\/image\\\/\"}},{\"@type\":\"Person\",\"@id\":\"https:\\\/\\\/blog.safie.com.br\\\/#\\\/schema\\\/person\\\/d3c141139ca99338d2504b7e7886c5bd\",\"name\":\"SAFIE\",\"image\":{\"@type\":\"ImageObject\",\"inLanguage\":\"pt-BR\",\"@id\":\"https:\\\/\\\/blog.safie.com.br\\\/wp-content\\\/litespeed\\\/avatar\\\/77acb39bfadb4795da4a74fbdf4fccfa.jpg?ver=1777520002\",\"url\":\"https:\\\/\\\/blog.safie.com.br\\\/wp-content\\\/litespeed\\\/avatar\\\/77acb39bfadb4795da4a74fbdf4fccfa.jpg?ver=1777520002\",\"contentUrl\":\"https:\\\/\\\/blog.safie.com.br\\\/wp-content\\\/litespeed\\\/avatar\\\/77acb39bfadb4795da4a74fbdf4fccfa.jpg?ver=1777520002\",\"caption\":\"SAFIE\"},\"url\":\"https:\\\/\\\/blog.safie.com.br\\\/?author=5\"}]}<\/script>\n<!-- \/ Yoast SEO plugin. -->","yoast_head_json":{"title":"N\u00e3o registrar um funcion\u00e1rio: a bomba que voc\u00ea pode desarmar","description":"N\u00e3o registrar um funcion\u00e1rio \u00e9 uma bomba rel\u00f3gio, e\u00a0voc\u00ea sabe\u00a0que vai\u00a0explodir assim que eles sa\u00edrem pela porta.","robots":{"index":"index","follow":"follow","max-snippet":"max-snippet:-1","max-image-preview":"max-image-preview:large","max-video-preview":"max-video-preview:-1"},"canonical":"https:\/\/blog.safie.com.br\/?p=6053","og_locale":"pt_BR","og_type":"article","og_title":"N\u00e3o registrar um funcion\u00e1rio: a bomba que voc\u00ea pode desarmar","og_description":"N\u00e3o registrar um funcion\u00e1rio \u00e9 uma bomba rel\u00f3gio, e\u00a0voc\u00ea sabe\u00a0que vai\u00a0explodir assim que eles sa\u00edrem pela porta.","og_url":"https:\/\/blog.safie.com.br\/?p=6053","og_site_name":"SAFIE","article_published_time":"2022-05-03T18:31:00+00:00","article_modified_time":"2023-01-17T20:00:11+00:00","og_image":[{"width":1024,"height":683,"url":"https:\/\/blog.safie.com.br\/wp-content\/uploads\/2022\/05\/CAPA-ARTIGOS-BLOG-12-1024x683.png","type":"image\/png"}],"author":"SAFIE","twitter_card":"summary_large_image","twitter_misc":{"Escrito por":"SAFIE","Est. tempo de leitura":"10 minutos"},"schema":{"@context":"https:\/\/schema.org","@graph":[{"@type":"Article","@id":"https:\/\/blog.safie.com.br\/?p=6053#article","isPartOf":{"@id":"https:\/\/blog.safie.com.br\/?p=6053"},"author":{"name":"SAFIE","@id":"https:\/\/blog.safie.com.br\/#\/schema\/person\/d3c141139ca99338d2504b7e7886c5bd"},"headline":"N\u00e3o registrar um funcion\u00e1rio: a bomba que voc\u00ea pode desarmar","datePublished":"2022-05-03T18:31:00+00:00","dateModified":"2023-01-17T20:00:11+00:00","mainEntityOfPage":{"@id":"https:\/\/blog.safie.com.br\/?p=6053"},"wordCount":2000,"commentCount":0,"publisher":{"@id":"https:\/\/blog.safie.com.br\/#organization"},"image":{"@id":"https:\/\/blog.safie.com.br\/?p=6053#primaryimage"},"thumbnailUrl":"https:\/\/blog.safie.com.br\/wp-content\/uploads\/2022\/05\/CAPA-ARTIGOS-BLOG-12.png","keywords":["CLT","funcion\u00e1rio","registro","trabalhista"],"articleSection":["Uncategorized"],"inLanguage":"pt-BR","potentialAction":[{"@type":"CommentAction","name":"Comment","target":["https:\/\/blog.safie.com.br\/?p=6053#respond"]}]},{"@type":"WebPage","@id":"https:\/\/blog.safie.com.br\/?p=6053","url":"https:\/\/blog.safie.com.br\/?p=6053","name":"N\u00e3o registrar um funcion\u00e1rio: a bomba que voc\u00ea pode desarmar","isPartOf":{"@id":"https:\/\/blog.safie.com.br\/#website"},"primaryImageOfPage":{"@id":"https:\/\/blog.safie.com.br\/?p=6053#primaryimage"},"image":{"@id":"https:\/\/blog.safie.com.br\/?p=6053#primaryimage"},"thumbnailUrl":"https:\/\/blog.safie.com.br\/wp-content\/uploads\/2022\/05\/CAPA-ARTIGOS-BLOG-12.png","datePublished":"2022-05-03T18:31:00+00:00","dateModified":"2023-01-17T20:00:11+00:00","description":"N\u00e3o registrar um funcion\u00e1rio \u00e9 uma bomba rel\u00f3gio, e\u00a0voc\u00ea sabe\u00a0que vai\u00a0explodir assim que eles sa\u00edrem pela porta.","breadcrumb":{"@id":"https:\/\/blog.safie.com.br\/?p=6053#breadcrumb"},"inLanguage":"pt-BR","potentialAction":[{"@type":"ReadAction","target":["https:\/\/blog.safie.com.br\/?p=6053"]}]},{"@type":"ImageObject","inLanguage":"pt-BR","@id":"https:\/\/blog.safie.com.br\/?p=6053#primaryimage","url":"https:\/\/blog.safie.com.br\/wp-content\/uploads\/2022\/05\/CAPA-ARTIGOS-BLOG-12.png","contentUrl":"https:\/\/blog.safie.com.br\/wp-content\/uploads\/2022\/05\/CAPA-ARTIGOS-BLOG-12.png","width":1920,"height":1280},{"@type":"BreadcrumbList","@id":"https:\/\/blog.safie.com.br\/?p=6053#breadcrumb","itemListElement":[{"@type":"ListItem","position":1,"name":"In\u00edcio","item":"https:\/\/blog.safie.com.br\/"},{"@type":"ListItem","position":2,"name":"N\u00e3o registrar um funcion\u00e1rio: a bomba que voc\u00ea pode desarmar"}]},{"@type":"WebSite","@id":"https:\/\/blog.safie.com.br\/#website","url":"https:\/\/blog.safie.com.br\/","name":"safei.com.br","description":"Jur\u00eddico para empresas","publisher":{"@id":"https:\/\/blog.safie.com.br\/#organization"},"potentialAction":[{"@type":"SearchAction","target":{"@type":"EntryPoint","urlTemplate":"https:\/\/blog.safie.com.br\/?s={search_term_string}"},"query-input":{"@type":"PropertyValueSpecification","valueRequired":true,"valueName":"search_term_string"}}],"inLanguage":"pt-BR"},{"@type":"Organization","@id":"https:\/\/blog.safie.com.br\/#organization","name":"SAFIE","url":"https:\/\/blog.safie.com.br\/","logo":{"@type":"ImageObject","inLanguage":"pt-BR","@id":"https:\/\/blog.safie.com.br\/#\/schema\/logo\/image\/","url":"https:\/\/blog.safie.com.br\/wp-content\/uploads\/2025\/03\/cropped-2-1.webp","contentUrl":"https:\/\/blog.safie.com.br\/wp-content\/uploads\/2025\/03\/cropped-2-1.webp","width":1743,"height":497,"caption":"SAFIE"},"image":{"@id":"https:\/\/blog.safie.com.br\/#\/schema\/logo\/image\/"}},{"@type":"Person","@id":"https:\/\/blog.safie.com.br\/#\/schema\/person\/d3c141139ca99338d2504b7e7886c5bd","name":"SAFIE","image":{"@type":"ImageObject","inLanguage":"pt-BR","@id":"https:\/\/blog.safie.com.br\/wp-content\/litespeed\/avatar\/77acb39bfadb4795da4a74fbdf4fccfa.jpg?ver=1777520002","url":"https:\/\/blog.safie.com.br\/wp-content\/litespeed\/avatar\/77acb39bfadb4795da4a74fbdf4fccfa.jpg?ver=1777520002","contentUrl":"https:\/\/blog.safie.com.br\/wp-content\/litespeed\/avatar\/77acb39bfadb4795da4a74fbdf4fccfa.jpg?ver=1777520002","caption":"SAFIE"},"url":"https:\/\/blog.safie.com.br\/?author=5"}]}},"_links":{"self":[{"href":"https:\/\/blog.safie.com.br\/index.php?rest_route=\/wp\/v2\/posts\/6053","targetHints":{"allow":["GET"]}}],"collection":[{"href":"https:\/\/blog.safie.com.br\/index.php?rest_route=\/wp\/v2\/posts"}],"about":[{"href":"https:\/\/blog.safie.com.br\/index.php?rest_route=\/wp\/v2\/types\/post"}],"author":[{"embeddable":true,"href":"https:\/\/blog.safie.com.br\/index.php?rest_route=\/wp\/v2\/users\/5"}],"replies":[{"embeddable":true,"href":"https:\/\/blog.safie.com.br\/index.php?rest_route=%2Fwp%2Fv2%2Fcomments&post=6053"}],"version-history":[{"count":0,"href":"https:\/\/blog.safie.com.br\/index.php?rest_route=\/wp\/v2\/posts\/6053\/revisions"}],"wp:featuredmedia":[{"embeddable":true,"href":"https:\/\/blog.safie.com.br\/index.php?rest_route=\/wp\/v2\/media\/8194"}],"wp:attachment":[{"href":"https:\/\/blog.safie.com.br\/index.php?rest_route=%2Fwp%2Fv2%2Fmedia&parent=6053"}],"wp:term":[{"taxonomy":"category","embeddable":true,"href":"https:\/\/blog.safie.com.br\/index.php?rest_route=%2Fwp%2Fv2%2Fcategories&post=6053"},{"taxonomy":"post_tag","embeddable":true,"href":"https:\/\/blog.safie.com.br\/index.php?rest_route=%2Fwp%2Fv2%2Ftags&post=6053"}],"curies":[{"name":"wp","href":"https:\/\/api.w.org\/{rel}","templated":true}]}}